{"id":40541,"date":"2018-02-11T08:46:11","date_gmt":"2018-02-11T11:46:11","guid":{"rendered":"http:\/\/caririemacao.com\/1\/?p=40541"},"modified":"2018-02-11T09:35:40","modified_gmt":"2018-02-11T12:35:40","slug":"caraubas-folia-realiza-primeiro-dia-de-programacao","status":"publish","type":"post","link":"https:\/\/www.caririemacao.com\/1\/2018\/02\/11\/caraubas-folia-realiza-primeiro-dia-de-programacao\/","title":{"rendered":"Cara\u00fabas Folia realiza primeiro dia de programa\u00e7\u00e3o"},"content":{"rendered":"<p>Teve in\u00edcio na tarde deste s\u00e1bado, 11, a edi\u00e7\u00e3o 2018 do tradicional carnaval do munic\u00edpio de Cara\u00fabas.<\/p>\n<p>A programa\u00e7\u00e3o come\u00e7ou por volta das 17 h, e reuniu centenas de pessoas em pra\u00e7a p\u00fablica, animou o primeiro dia do carnaval caraubense os cantores Franklin Dias e J\u00fanior Bar\u00e3o.<\/p>\n<p>A folia segue nesse domingo 11\/02 ao som de Bira Mariano e Banda Forr\u00f3 Levado.<\/p>\n<p><strong>CARIRI EM A\u00c7\u00c3O<\/strong><\/p>\n<p><em>Reda\u00e7\u00e3o Cariri em A\u00e7\u00e3o<\/em><\/p>\n<p><strong>Leia mais not\u00edcias em\u00a0<\/strong><a href=\"http:\/\/www.caririemacao.com\/\"><strong>caririemacao.com<\/strong><\/a><strong>, siga nossa p\u00e1gina no\u00a0<\/strong><a href=\"https:\/\/www.facebook.com\/CaririEmAcao\/?ref=aymt_homepage_panel\"><strong>Facebook<\/strong><\/a>,<strong>\u00a0<\/strong><a href=\"https:\/\/www.instagram.com\/cariri_em_acao\/?hl=pt-br\"><strong>Instagram<\/strong><\/a><strong>\u00a0e\u00a0<\/strong><a href=\"https:\/\/www.youtube.com\/channel\/UCAptA0jQuYQy8vMhLt2m4qg\"><strong>Youtube<\/strong><\/a><strong>\u00a0e veja nossas mat\u00e9rias, v\u00eddeos e fotos. Voc\u00ea tamb\u00e9m pode enviar informa\u00e7\u00f5es \u00e0 Reda\u00e7\u00e3o do Portal Cariri em A\u00e7\u00e3o pelo WhatsApp (83) 9 9634.5791, (83) 9 9601-1162.<\/strong><\/p>\n","protected":false},"excerpt":{"rendered":"<p>Teve in\u00edcio na tarde deste s\u00e1bado, 11, a edi\u00e7\u00e3o 2018 do tradicional carnaval do munic\u00edpio de Cara\u00fabas. A programa\u00e7\u00e3o come\u00e7ou por volta das 17 h,&hellip; <\/p>\n","protected":false},"author":2,"featured_media":40543,"comment_status":"closed","ping_status":"closed","sticky":false,"template":"","format":"standard","meta":{"sfsi_plus_gutenberg_text_before_share":"","sfsi_plus_gutenberg_show_text_before_share":"","sfsi_plus_gutenberg_icon_type":"","sfsi_plus_gutenberg_icon_alignemt":"","sfsi_plus_gutenburg_max_per_row":"","footnotes":""},"categories":[6],"tags":[],"class_list":["post-40541","post","type-post","status-publish","format-standard","has-post-thumbnail","hentry","category-cidades"],"_links":{"self":[{"href":"https:\/\/www.caririemacao.com\/1\/wp-json\/wp\/v2\/posts\/40541","targetHints":{"allow":["GET"]}}],"collection":[{"href":"https:\/\/www.caririemacao.com\/1\/wp-json\/wp\/v2\/posts"}],"about":[{"href":"https:\/\/www.caririemacao.com\/1\/wp-json\/wp\/v2\/types\/post"}],"author":[{"embeddable":true,"href":"https:\/\/www.caririemacao.com\/1\/wp-json\/wp\/v2\/users\/2"}],"replies":[{"embeddable":true,"href":"https:\/\/www.caririemacao.com\/1\/wp-json\/wp\/v2\/comments?post=40541"}],"version-history":[{"count":0,"href":"https:\/\/www.caririemacao.com\/1\/wp-json\/wp\/v2\/posts\/40541\/revisions"}],"wp:featuredmedia":[{"embeddable":true,"href":"https:\/\/www.caririemacao.com\/1\/wp-json\/wp\/v2\/media\/40543"}],"wp:attachment":[{"href":"https:\/\/www.caririemacao.com\/1\/wp-json\/wp\/v2\/media?parent=40541"}],"wp:term":[{"taxonomy":"category","embeddable":true,"href":"https:\/\/www.caririemacao.com\/1\/wp-json\/wp\/v2\/categories?post=40541"},{"taxonomy":"post_tag","embeddable":true,"href":"https:\/\/www.caririemacao.com\/1\/wp-json\/wp\/v2\/tags?post=40541"}],"curies":[{"name":"wp","href":"https:\/\/api.w.org\/{rel}","templated":true}]}}