{"id":40545,"date":"2018-02-11T09:16:35","date_gmt":"2018-02-11T12:16:35","guid":{"rendered":"http:\/\/caririemacao.com\/1\/?p=40545"},"modified":"2018-02-11T09:16:35","modified_gmt":"2018-02-11T12:16:35","slug":"comeca-neste-domingo-21o-crescer-2018-em-campina","status":"publish","type":"post","link":"https:\/\/www.caririemacao.com\/1\/2018\/02\/11\/comeca-neste-domingo-21o-crescer-2018-em-campina\/","title":{"rendered":"Come\u00e7a neste domingo 21\u00ba Crescer 2018, em Campina"},"content":{"rendered":"<p>A 21\u00aa edi\u00e7\u00e3o do Crescer, encontro da fam\u00edlia cat\u00f3lica, promovido pela Comunidade de S\u00e3o Pio X, da Diocese de Campina Grande, tem in\u00edcio neste domingo (11), na casa de shows Spazzio. O evento \u00e9 gratuito e segue at\u00e9 a ter\u00e7a-feira (13).<\/p>\n<p>Este ano, o Crescer traz o tema \u201cSobre a fam\u00edlia uma nova un\u00e7\u00e3o\u201d, com a proposta de estimular reflex\u00f5es sobre os desafios que as fam\u00edlias cat\u00f3licas enfrentam na atualidade.<\/p>\n<p>No primeiro dia do encontro quem abre a programa\u00e7\u00e3o do palco principal \u00e9 \u00cdtalo Fasanella, fundador da Comunidade Cat\u00f3lica Sagrada Fam\u00edlia, de S\u00e3o Paulo-SP, com a prega\u00e7\u00e3o \u201cFam\u00edlia: Deus criou homem e mulher\u201d. A tarde ser\u00e1 a vez de Tiba Camargo, da Comunidade Can\u00e7\u00e3o Nova, de S\u00e3o Paulo-SP, com a prega\u00e7\u00e3o \u201cA harmonia do lar come\u00e7a pela comunh\u00e3o do casal\u201d. Encerrando a programa\u00e7\u00e3o do primeiro dia do Crescer, o Pe. Nilson Nunes, do Santu\u00e1rio da M\u00e3e Rainha, de Jo\u00e3o Pessoa-PB, celebrar\u00e1 uma Santa Missa.<\/p>\n<p>Paralelo ao Crescer, acontece a ExpoFam\u00edlia, feira de artigos religiosos e para a fam\u00edlia, Tamb\u00e9m haver\u00e1 programa\u00e7\u00e3o de palestras paralelas. Come\u00e7ando j\u00e1 neste domingo, das 14h \u00e0s 16h, com o tema \u201cNulidade Matrimonial: ser\u00e1 que eu consigo\u201d, ministrada por \u00cdtalo Fasanella. Para participar, os interessados devem realizar inscri\u00e7\u00e3o na pr\u00f3pria ExpoFam\u00edlia, no Crescer, de forma gratuita. As vagas s\u00e3o limitas.<\/p>\n<p>Assim como em edi\u00e7\u00f5es anteriores, o encontro oferece o servi\u00e7o de transporte de pessoas at\u00e9 o Spazzio, nos tr\u00eas dias do encontro. \u00d4nibus coletivos sair\u00e3o, diariamente, do Terminal de Integra\u00e7\u00e3o, no centro de Campina Grande. Eles ser\u00e3o identificados com adesivos no vidro da frente.<\/p>\n<p>J\u00e1 os \u00f4nibus que ir\u00e3o transportar as caravanas de par\u00f3quias sair\u00e3o, diariamente, em 4 rotas e 9 hor\u00e1rios distintos, da frente de Par\u00f3quias de bairros da cidade ou pontos de partida melhor localizados. Pelo servi\u00e7o n\u00e3o ser\u00e1 cobrada nenhuma taxa e tamb\u00e9m n\u00e3o \u00e9 necess\u00e1ria a inscri\u00e7\u00e3o pr\u00e9via para embarcar.<\/p>\n<p>Com in\u00edcio \u00e0s 8h da manh\u00e3 e encerramento \u00e0s 19h, o encontro ter\u00e1, neste primeiro dia, al\u00e9m de prega\u00e7\u00f5es, adora\u00e7\u00e3o ao Sant\u00edssimo Sacramento, recita\u00e7\u00e3o do ter\u00e7o, shows e eventos paralelos.<\/p>\n<p>A expectativa da organiza\u00e7\u00e3o para este ano \u00e9 de reunir um p\u00fablico superior a 45 mil pessoas de todo o Brasil.<\/p>\n<p>Mais informa\u00e7\u00f5es sobre programa\u00e7\u00e3o e rotas\/hor\u00e1rios de \u00f4nibus podem ser adquiridas no site\u00a0www.comunidadepiox.org.br\u00a0ou pelo telefone (83) 3341.7017.<\/p>\n<p><strong>CARIRI EM A\u00c7\u00c3O<\/strong><\/p>\n<p><em>Com Portal Correio\/Foto:\u00a0Leonardo Silva\u00a0<\/em><\/p>\n<p><strong>Leia mais not\u00edcias em\u00a0<\/strong><a href=\"http:\/\/www.caririemacao.com\/\"><strong>caririemacao.com<\/strong><\/a><strong>, siga nossa p\u00e1gina no\u00a0<\/strong><a href=\"https:\/\/www.facebook.com\/CaririEmAcao\/?ref=aymt_homepage_panel\"><strong>Facebook<\/strong><\/a>,<strong>\u00a0<\/strong><a href=\"https:\/\/www.instagram.com\/cariri_em_acao\/?hl=pt-br\"><strong>Instagram<\/strong><\/a><strong>\u00a0e\u00a0<\/strong><a href=\"https:\/\/www.youtube.com\/channel\/UCAptA0jQuYQy8vMhLt2m4qg\"><strong>Youtube<\/strong><\/a><strong>\u00a0e veja nossas mat\u00e9rias, v\u00eddeos e fotos. Voc\u00ea tamb\u00e9m pode enviar informa\u00e7\u00f5es \u00e0 Reda\u00e7\u00e3o do Portal Cariri em A\u00e7\u00e3o pelo WhatsApp (83) 9 9634.5791, (83) 9 9601-1162.<\/strong><\/p>\n","protected":false},"excerpt":{"rendered":"<p>A 21\u00aa edi\u00e7\u00e3o do Crescer, encontro da fam\u00edlia cat\u00f3lica, promovido pela Comunidade de S\u00e3o Pio X, da Diocese de Campina Grande, tem in\u00edcio neste domingo&hellip; <\/p>\n","protected":false},"author":2,"featured_media":40547,"comment_status":"closed","ping_status":"closed","sticky":false,"template":"","format":"standard","meta":{"sfsi_plus_gutenberg_text_before_share":"","sfsi_plus_gutenberg_show_text_before_share":"","sfsi_plus_gutenberg_icon_type":"","sfsi_plus_gutenberg_icon_alignemt":"","sfsi_plus_gutenburg_max_per_row":"","footnotes":""},"categories":[2],"tags":[],"class_list":["post-40545","post","type-post","status-publish","format-standard","has-post-thumbnail","hentry","category-geral"],"_links":{"self":[{"href":"https:\/\/www.caririemacao.com\/1\/wp-json\/wp\/v2\/posts\/40545","targetHints":{"allow":["GET"]}}],"collection":[{"href":"https:\/\/www.caririemacao.com\/1\/wp-json\/wp\/v2\/posts"}],"about":[{"href":"https:\/\/www.caririemacao.com\/1\/wp-json\/wp\/v2\/types\/post"}],"author":[{"embeddable":true,"href":"https:\/\/www.caririemacao.com\/1\/wp-json\/wp\/v2\/users\/2"}],"replies":[{"embeddable":true,"href":"https:\/\/www.caririemacao.com\/1\/wp-json\/wp\/v2\/comments?post=40545"}],"version-history":[{"count":0,"href":"https:\/\/www.caririemacao.com\/1\/wp-json\/wp\/v2\/posts\/40545\/revisions"}],"wp:featuredmedia":[{"embeddable":true,"href":"https:\/\/www.caririemacao.com\/1\/wp-json\/wp\/v2\/media\/40547"}],"wp:attachment":[{"href":"https:\/\/www.caririemacao.com\/1\/wp-json\/wp\/v2\/media?parent=40545"}],"wp:term":[{"taxonomy":"category","embeddable":true,"href":"https:\/\/www.caririemacao.com\/1\/wp-json\/wp\/v2\/categories?post=40545"},{"taxonomy":"post_tag","embeddable":true,"href":"https:\/\/www.caririemacao.com\/1\/wp-json\/wp\/v2\/tags?post=40545"}],"curies":[{"name":"wp","href":"https:\/\/api.w.org\/{rel}","templated":true}]}}