{"id":40546,"date":"2018-02-11T09:20:49","date_gmt":"2018-02-11T12:20:49","guid":{"rendered":"http:\/\/caririemacao.com\/1\/?p=40546"},"modified":"2018-02-11T09:20:49","modified_gmt":"2018-02-11T12:20:49","slug":"pedro-cunha-lima-e-wellington-roberto-asseguram-recursos-para-prefeituras-do-cariri","status":"publish","type":"post","link":"https:\/\/www.caririemacao.com\/1\/2018\/02\/11\/pedro-cunha-lima-e-wellington-roberto-asseguram-recursos-para-prefeituras-do-cariri\/","title":{"rendered":"Pedro Cunha Lima e Wellington Roberto asseguram recursos para prefeituras do Cariri"},"content":{"rendered":"<p>Os deputados federais Pedro Cunha e Wellington Roberto asseguram atrav\u00e9s de emendas parlamentares, recursos para constru\u00e7\u00e3o de a\u00e7udes em Camala\u00fa e de amplia\u00e7\u00e3o do abastecimento de \u00e1gua no munic\u00edpio de Zabel\u00ea, assegurando consider\u00e1veis melhorias para os moradores destes dois munic\u00edpios.<\/p>\n<p>No munic\u00edpio de Camala\u00fa, os recursos foram frutos do empenho do deputado federal Wellington Roberto, que assegurou recursos para a constru\u00e7\u00e3o de dois a\u00e7udes, nas comunidades rurais de Ro\u00e7a Vermelha e Ro\u00e7a Nova.<\/p>\n<p>J\u00e1 no munic\u00edpio de Zabel\u00ea, o prefeito Dalyson Neves conseguiu com o deputado federal Pedro Cunha Lima recursos para melhoramentos e amplia\u00e7\u00e3o do sistema de abastecimento da cidade e da zona rural, com a instala\u00e7\u00e3o de novas tubula\u00e7\u00f5es que permitam um abastecimento de \u00e1guas mais regular nas resid\u00eancias dos moradores de todo o munic\u00edpio de Zabel\u00ea.<\/p>\n<p><strong>CARIRI EM A\u00c7\u00c3O<\/strong><\/p>\n<p><em>Com\u00a0Vitrine do Cariri\/Foto:Divulga\u00e7\u00e3o \u00a0<\/em><\/p>\n<p><strong>Leia mais not\u00edcias em\u00a0<\/strong><a href=\"http:\/\/www.caririemacao.com\/\"><strong>caririemacao.com<\/strong><\/a><strong>, siga nossa p\u00e1gina no\u00a0<\/strong><a href=\"https:\/\/www.facebook.com\/CaririEmAcao\/?ref=aymt_homepage_panel\"><strong>Facebook<\/strong><\/a>,<strong>\u00a0<\/strong><a href=\"https:\/\/www.instagram.com\/cariri_em_acao\/?hl=pt-br\"><strong>Instagram<\/strong><\/a><strong>\u00a0e <\/strong><a href=\"https:\/\/www.youtube.com\/channel\/UCAptA0jQuYQy8vMhLt2m4qg\"><strong>Youtube<\/strong><\/a><strong>\u00a0e veja nossas mat\u00e9rias, v\u00eddeos e fotos. Voc\u00ea tamb\u00e9m pode enviar informa\u00e7\u00f5es \u00e0 Reda\u00e7\u00e3o do Portal Cariri em A\u00e7\u00e3o pelo WhatsApp (83) 9 9634.5791, (83) 9 9601-1162.<\/strong><\/p>\n","protected":false},"excerpt":{"rendered":"<p>Os deputados federais Pedro Cunha e Wellington Roberto asseguram atrav\u00e9s de emendas parlamentares, recursos para constru\u00e7\u00e3o de a\u00e7udes em Camala\u00fa e de amplia\u00e7\u00e3o do abastecimento&hellip; <\/p>\n","protected":false},"author":2,"featured_media":40552,"comment_status":"closed","ping_status":"closed","sticky":false,"template":"","format":"standard","meta":{"sfsi_plus_gutenberg_text_before_share":"","sfsi_plus_gutenberg_show_text_before_share":"","sfsi_plus_gutenberg_icon_type":"","sfsi_plus_gutenberg_icon_alignemt":"","sfsi_plus_gutenburg_max_per_row":"","footnotes":""},"categories":[11],"tags":[],"class_list":["post-40546","post","type-post","status-publish","format-standard","has-post-thumbnail","hentry","category-politica"],"_links":{"self":[{"href":"https:\/\/www.caririemacao.com\/1\/wp-json\/wp\/v2\/posts\/40546","targetHints":{"allow":["GET"]}}],"collection":[{"href":"https:\/\/www.caririemacao.com\/1\/wp-json\/wp\/v2\/posts"}],"about":[{"href":"https:\/\/www.caririemacao.com\/1\/wp-json\/wp\/v2\/types\/post"}],"author":[{"embeddable":true,"href":"https:\/\/www.caririemacao.com\/1\/wp-json\/wp\/v2\/users\/2"}],"replies":[{"embeddable":true,"href":"https:\/\/www.caririemacao.com\/1\/wp-json\/wp\/v2\/comments?post=40546"}],"version-history":[{"count":0,"href":"https:\/\/www.caririemacao.com\/1\/wp-json\/wp\/v2\/posts\/40546\/revisions"}],"wp:featuredmedia":[{"embeddable":true,"href":"https:\/\/www.caririemacao.com\/1\/wp-json\/wp\/v2\/media\/40552"}],"wp:attachment":[{"href":"https:\/\/www.caririemacao.com\/1\/wp-json\/wp\/v2\/media?parent=40546"}],"wp:term":[{"taxonomy":"category","embeddable":true,"href":"https:\/\/www.caririemacao.com\/1\/wp-json\/wp\/v2\/categories?post=40546"},{"taxonomy":"post_tag","embeddable":true,"href":"https:\/\/www.caririemacao.com\/1\/wp-json\/wp\/v2\/tags?post=40546"}],"curies":[{"name":"wp","href":"https:\/\/api.w.org\/{rel}","templated":true}]}}