{"id":40554,"date":"2018-02-10T09:23:57","date_gmt":"2018-02-10T12:23:57","guid":{"rendered":"http:\/\/caririemacao.com\/1\/?p=40554"},"modified":"2018-02-11T09:59:28","modified_gmt":"2018-02-11T12:59:28","slug":"seca-leva-prefeituras-da-paraiba-a-nao-realizarem-o-tradicional-carnaval-molhado","status":"publish","type":"post","link":"https:\/\/www.caririemacao.com\/1\/2018\/02\/10\/seca-leva-prefeituras-da-paraiba-a-nao-realizarem-o-tradicional-carnaval-molhado\/","title":{"rendered":"Seca leva prefeituras da Para\u00edba a n\u00e3o realizarem o tradicional \u2018Carnaval Molhado\u2019"},"content":{"rendered":"<p>A seca que assola o interior do Estado levou duas prefeituras do Cariri Paraibano a n\u00e3o realizar o tradicional \u201cCarnaval Molhado\u201d. Os munic\u00edpios de\u00a0 Ing\u00e1 e Serra Redonda assinaram m Termo de Ajustamento de Conduta (TAC) com o Minist\u00e9rio P\u00fablico da Para\u00edba se comprometendo a n\u00e3o promoverem a festa.<\/p>\n<p>Al\u00e9m de vetarem o uso de \u00e1gua na festa, as duas prefeituras adotaram uma s\u00e9rie de regulamenta\u00e7\u00f5es para realiza\u00e7\u00e3o do evento. Os dois TACs firmados pelas prefeituras com o Minist\u00e9rio P\u00fablico foram publicados no Di\u00e1rio Oficial Eletr\u00f4nico do MP na ter\u00e7a-feira (6). A promotora respons\u00e1vel pelo documento, Cl\u00e1udia Cabral, acertou no TAC que caso a cl\u00e1usula do carnaval molhado seja descumprida, o caminh\u00e3o-pipa vai ser apreendido e os respons\u00e1veis v\u00e3o ser penalizados. Entre as outras determina\u00e7\u00f5es est\u00e1 a regulamenta\u00e7\u00e3o do uso dos \u201cpared\u00f5es de som\u201d.<\/p>\n<p>No caso das prefeituras de Coremas e Sousa, que tamb\u00e9m costumam realizar eventualmente o carnaval molhado, o Minist\u00e9rio P\u00fablico informou que em nenhum dos dois munic\u00edpios haver\u00e1 festas p\u00fablicas com esse formato. \u201cA Prefeitura de Coremas vai realizar um carnaval na \u00e1rea urbana. Houve uma conversa entre o MP e a prefeitura para regulamentar a festa, mas n\u00e3o se conversou em carnaval molhado ou uso de carro-pipa\u201d, explicou o promotor Thomaz Ilton Ferreira.<\/p>\n<p>A promotoria de Sousa, por sua vez, informou que o carnaval molhado que era realizado anteriormente no distrito de S\u00e3o Gon\u00e7alo n\u00e3o \u00e9 realizado h\u00e1 alguns anos por causa da crise h\u00eddrica pela qual a regi\u00e3o do Sert\u00e3o enfrenta.<\/p>\n<p>De acordo com a Ag\u00eancia Executiva de Gest\u00e3o de \u00c1guas da Para\u00edba (Aesa), apenas a prefeitura de Camala\u00fa, tamb\u00e9m no Cariri, havia pedido autoriza\u00e7\u00e3o para realiza\u00e7\u00e3o do carnaval molhado. O superintendente da Aesa, Jo\u00e3o Fernandes, minimizou a quest\u00e3o da celebra\u00e7\u00e3o do carnaval das \u00e1guas.<\/p>\n<p>\u201cExiste essa tradi\u00e7\u00e3o hist\u00f3rica, mas o impacto \u00e9 muito pequeno na quest\u00e3o dos mananciais. Apenas o prefeito de Camala\u00fa pediu autoriza\u00e7\u00e3o para abrir a \u2018caixa de descarga\u2019 de um a\u00e7ude e n\u00f3s autorizamos, porque o volume de \u00e1gua que ser\u00e1 usado \u00e9 insignificante\u201d, comentou.<\/p>\n<p>Ainda de acordo com o presidente da Aesa, a situa\u00e7\u00e3o de seguran\u00e7a h\u00eddrica da Para\u00edba n\u00e3o ser\u00e1 afetada pelo carnaval molhado, uma vez que at\u00e9 os munic\u00edpios que utilizam carros-pipas com \u00e1guas de mananciais utilizam em pouca quantidade. \u201cUm carro-pipa tira cerca de 8 metros c\u00fabicos. N\u00e3o acreditam que gastem com cinco ou seis carros-pipas por conta do custo. Ent\u00e3o, no final das contas, o gasto com o carnaval das \u00e1gua \u00e9 praticamente irrelevante\u201d, comentou.<\/p>\n<p>Apesar do pouco impacto do carnaval molhado, os mananciais da Para\u00edba estavam at\u00e9 o janeiro de 2018 com apenas 9,9% do volume total.\u00a0Mesmo com as chuvas registradas no m\u00eas janeiro deste ano, em v\u00e1rias regi\u00f5es do estado, o volume de \u00e1gua diminuiu em rela\u00e7\u00e3o ao levantamento feito pelo G1 no in\u00edcio do ano, quando\u00a0a m\u00e9dia geral era de 10,37%, perdendo 16,7 milh\u00f5es de m\u00b3 em menos de um m\u00eas.<\/p>\n<p>Os dados foram levantados junto ao site da Ag\u00eancia Executiva de Gest\u00e3o de \u00c1guas da Para\u00edba (Aesa). Dos 127 mananciais monitorados, 63 est\u00e3o em estado cr\u00edtico (com menos de 5%) e apenas dois est\u00e3o sangrando. Entre os a\u00e7udes monitorados, 24 deles est\u00e3o com 0%. No in\u00edcio de janeiro deste ano, eram 16 a\u00e7udes com 0%.<\/p>\n<p><strong>CARIRI EM A\u00c7\u00c3O<\/strong><\/p>\n<p><em>Com PB Hoje\/Foto:\u00a0PB Hoje<\/em><\/p>\n<p><strong>Leia mais not\u00edcias em\u00a0<\/strong><a href=\"http:\/\/www.caririemacao.com\/\"><strong>caririemacao.com<\/strong><\/a><strong>, siga nossa p\u00e1gina no\u00a0<\/strong><a href=\"https:\/\/www.facebook.com\/CaririEmAcao\/?ref=aymt_homepage_panel\"><strong>Facebook<\/strong><\/a>,<strong>\u00a0<\/strong><a href=\"https:\/\/www.instagram.com\/cariri_em_acao\/?hl=pt-br\"><strong>Instagram<\/strong><\/a><strong>\u00a0e\u00a0<\/strong><a href=\"https:\/\/www.youtube.com\/channel\/UCAptA0jQuYQy8vMhLt2m4qg\"><strong>Youtube<\/strong><\/a><strong>\u00a0e veja nossas mat\u00e9rias, v\u00eddeos e fotos. Voc\u00ea tamb\u00e9m pode enviar informa\u00e7\u00f5es \u00e0 Reda\u00e7\u00e3o do Portal Cariri em A\u00e7\u00e3o pelo WhatsApp (83) 9 9634.5791, (83) 9 9601-1162.<\/strong><\/p>\n","protected":false},"excerpt":{"rendered":"<p>A seca que assola o interior do Estado levou duas prefeituras do Cariri Paraibano a n\u00e3o realizar o tradicional \u201cCarnaval Molhado\u201d. Os munic\u00edpios de\u00a0 Ing\u00e1&hellip; <\/p>\n","protected":false},"author":2,"featured_media":40556,"comment_status":"closed","ping_status":"closed","sticky":false,"template":"","format":"standard","meta":{"sfsi_plus_gutenberg_text_before_share":"","sfsi_plus_gutenberg_show_text_before_share":"","sfsi_plus_gutenberg_icon_type":"","sfsi_plus_gutenberg_icon_alignemt":"","sfsi_plus_gutenburg_max_per_row":"","footnotes":""},"categories":[6],"tags":[],"class_list":["post-40554","post","type-post","status-publish","format-standard","has-post-thumbnail","hentry","category-cidades"],"_links":{"self":[{"href":"https:\/\/www.caririemacao.com\/1\/wp-json\/wp\/v2\/posts\/40554","targetHints":{"allow":["GET"]}}],"collection":[{"href":"https:\/\/www.caririemacao.com\/1\/wp-json\/wp\/v2\/posts"}],"about":[{"href":"https:\/\/www.caririemacao.com\/1\/wp-json\/wp\/v2\/types\/post"}],"author":[{"embeddable":true,"href":"https:\/\/www.caririemacao.com\/1\/wp-json\/wp\/v2\/users\/2"}],"replies":[{"embeddable":true,"href":"https:\/\/www.caririemacao.com\/1\/wp-json\/wp\/v2\/comments?post=40554"}],"version-history":[{"count":0,"href":"https:\/\/www.caririemacao.com\/1\/wp-json\/wp\/v2\/posts\/40554\/revisions"}],"wp:featuredmedia":[{"embeddable":true,"href":"https:\/\/www.caririemacao.com\/1\/wp-json\/wp\/v2\/media\/40556"}],"wp:attachment":[{"href":"https:\/\/www.caririemacao.com\/1\/wp-json\/wp\/v2\/media?parent=40554"}],"wp:term":[{"taxonomy":"category","embeddable":true,"href":"https:\/\/www.caririemacao.com\/1\/wp-json\/wp\/v2\/categories?post=40554"},{"taxonomy":"post_tag","embeddable":true,"href":"https:\/\/www.caririemacao.com\/1\/wp-json\/wp\/v2\/tags?post=40554"}],"curies":[{"name":"wp","href":"https:\/\/api.w.org\/{rel}","templated":true}]}}