{"id":40568,"date":"2018-02-11T09:38:59","date_gmt":"2018-02-11T12:38:59","guid":{"rendered":"http:\/\/caririemacao.com\/1\/?p=40568"},"modified":"2018-02-11T09:38:59","modified_gmt":"2018-02-11T12:38:59","slug":"felipe-conceicao-e-demitido-apos-nova-eliminacao-do-botafogo","status":"publish","type":"post","link":"https:\/\/www.caririemacao.com\/1\/2018\/02\/11\/felipe-conceicao-e-demitido-apos-nova-eliminacao-do-botafogo\/","title":{"rendered":"Felipe Concei\u00e7\u00e3o \u00e9 demitido ap\u00f3s nova elimina\u00e7\u00e3o do Botafogo"},"content":{"rendered":"<p>Felipe Concei\u00e7\u00e3o n\u00e3o \u00e9 mais o t\u00e9cnico do Botafogo. Ap\u00f3s a derrota por 3 a 1 sofrida para o Flamengo, em Volta Redonda, pela semifinal da Ta\u00e7a Guanabara, o ex-auxiliar t\u00e9cnico, que foi promovido a treinador com a sa\u00edda de Jair Ventura, foi notificado de que n\u00e3o seguir\u00e1 mais \u00e0 frente do Alvinegro.<\/p>\n<p>A elimina\u00e7\u00e3o surpreendente na primeira fase da Copa do Brasil para a Aparecidense\u00a0fez com que a press\u00e3o sobre Felipe Concei\u00e7\u00e3o aumentasse de maneira consider\u00e1vel. Muitos consideravam insustent\u00e1vel a perman\u00eancia do treinador em caso de uma nova elimina\u00e7\u00e3o, desta vez na Ta\u00e7a Gaunabara, e foi justamente isso o que aconteceu.<\/p>\n<p>Concei\u00e7\u00e3o atuou como jogador do Botafogo no in\u00edcio dos anos 2000. Na \u00e9poca, ele era conhecido como Felipe Tigr\u00e3o. Posteriormente, ap\u00f3s sua aposentadoria, acertou seu retorno ao clube em 2013 para treinar as categorias de base.<\/p>\n<p>Felipe Concei\u00e7\u00e3o comandou o Botafogo em sete oportunidades, somando duas vit\u00f3rias, tr\u00eas empates e outras duas derrotas. Sem conseguir dar um padr\u00e3o de jogo \u00e0 equipe em um curto espa\u00e7o de tempo, o t\u00e9cnico de 38 anos se despede sem trilhar uma trajet\u00f3ria semelhante \u00e0 de Jair Ventura, outro auxiliar t\u00e9cnico promovido pelo clube de General Severiano, mas que obteve \u00eaxito no cargo.<\/p>\n<p>Agora, o Botafogo tentar\u00e1 agir r\u00e1pido para contratar um novo treinador. Com a demiss\u00e3o de Oswaldo de Oliveira do Atl\u00e9tico-MG, h\u00e1 a possibilidade de o experiente comandante ser o escolhido do clube. Outros nomes tamb\u00e9m v\u00eam sendo citados nos \u00faltimos dias, como Jorginho, ex-Vasco.<\/p>\n<p><strong>CARIRI EM A\u00c7\u00c3O<\/strong><\/p>\n<p><em>Com Gazeta Esportiva\/Foto: \u00a0Funda\u00e7\u00e3o C\u00e1sper L\u00edbero<\/em><\/p>\n<p><strong>Leia mais not\u00edcias em\u00a0<\/strong><a href=\"http:\/\/www.caririemacao.com\/\"><strong>caririemacao.com<\/strong><\/a><strong>, siga nossa p\u00e1gina no\u00a0<\/strong><a href=\"https:\/\/www.facebook.com\/CaririEmAcao\/?ref=aymt_homepage_panel\"><strong>Facebook<\/strong><\/a>,<strong>\u00a0<\/strong><a href=\"https:\/\/www.instagram.com\/cariri_em_acao\/?hl=pt-br\"><strong>Instagram<\/strong><\/a><strong>\u00a0e <\/strong><a href=\"https:\/\/www.youtube.com\/channel\/UCAptA0jQuYQy8vMhLt2m4qg\"><strong>Youtube<\/strong><\/a><strong>\u00a0e veja nossas mat\u00e9rias, v\u00eddeos e fotos. Voc\u00ea tamb\u00e9m pode enviar informa\u00e7\u00f5es \u00e0 Reda\u00e7\u00e3o do Portal Cariri em A\u00e7\u00e3o pelo WhatsApp (83) 9 9634.5791, (83) 9 9601-1162.<\/strong><\/p>\n","protected":false},"excerpt":{"rendered":"<p>Felipe Concei\u00e7\u00e3o n\u00e3o \u00e9 mais o t\u00e9cnico do Botafogo. Ap\u00f3s a derrota por 3 a 1 sofrida para o Flamengo, em Volta Redonda, pela semifinal&hellip; <\/p>\n","protected":false},"author":2,"featured_media":40571,"comment_status":"closed","ping_status":"closed","sticky":false,"template":"","format":"standard","meta":{"sfsi_plus_gutenberg_text_before_share":"","sfsi_plus_gutenberg_show_text_before_share":"","sfsi_plus_gutenberg_icon_type":"","sfsi_plus_gutenberg_icon_alignemt":"","sfsi_plus_gutenburg_max_per_row":"","footnotes":""},"categories":[13],"tags":[],"class_list":["post-40568","post","type-post","status-publish","format-standard","has-post-thumbnail","hentry","category-esportes"],"_links":{"self":[{"href":"https:\/\/www.caririemacao.com\/1\/wp-json\/wp\/v2\/posts\/40568","targetHints":{"allow":["GET"]}}],"collection":[{"href":"https:\/\/www.caririemacao.com\/1\/wp-json\/wp\/v2\/posts"}],"about":[{"href":"https:\/\/www.caririemacao.com\/1\/wp-json\/wp\/v2\/types\/post"}],"author":[{"embeddable":true,"href":"https:\/\/www.caririemacao.com\/1\/wp-json\/wp\/v2\/users\/2"}],"replies":[{"embeddable":true,"href":"https:\/\/www.caririemacao.com\/1\/wp-json\/wp\/v2\/comments?post=40568"}],"version-history":[{"count":0,"href":"https:\/\/www.caririemacao.com\/1\/wp-json\/wp\/v2\/posts\/40568\/revisions"}],"wp:featuredmedia":[{"embeddable":true,"href":"https:\/\/www.caririemacao.com\/1\/wp-json\/wp\/v2\/media\/40571"}],"wp:attachment":[{"href":"https:\/\/www.caririemacao.com\/1\/wp-json\/wp\/v2\/media?parent=40568"}],"wp:term":[{"taxonomy":"category","embeddable":true,"href":"https:\/\/www.caririemacao.com\/1\/wp-json\/wp\/v2\/categories?post=40568"},{"taxonomy":"post_tag","embeddable":true,"href":"https:\/\/www.caririemacao.com\/1\/wp-json\/wp\/v2\/tags?post=40568"}],"curies":[{"name":"wp","href":"https:\/\/api.w.org\/{rel}","templated":true}]}}