{"id":40577,"date":"2018-02-11T09:44:58","date_gmt":"2018-02-11T12:44:58","guid":{"rendered":"http:\/\/caririemacao.com\/1\/?p=40577"},"modified":"2018-02-11T09:44:58","modified_gmt":"2018-02-11T12:44:58","slug":"deputado-decisao-de-ficar-ou-sair-do-mdb-vai-ser-tomada-ate-marco","status":"publish","type":"post","link":"https:\/\/www.caririemacao.com\/1\/2018\/02\/11\/deputado-decisao-de-ficar-ou-sair-do-mdb-vai-ser-tomada-ate-marco\/","title":{"rendered":"Deputado: decis\u00e3o de ficar ou sair do MDB vai ser tomada at\u00e9 mar\u00e7o"},"content":{"rendered":"<p>O deputado federal Veneziano Vital do R\u00eago (MDB) admitiu que n\u00e3o teve nenhuma conversa com o senador Jos\u00e9 Maranh\u00e3o, presidente estadual de seu partido, e lamentou que o MDB n\u00e3o esteja se comunicando com muitos de seus membros, tornando o afastamento maior.<\/p>\n<p>Ele mencionou que manteve uma conversa com o governador Ricardo Coutinho (PSB), na qual foi convidado a disputar o Senado na chapa majorit\u00e1ria.<\/p>\n<p>Veneziano afirmou que sua vontade \u00e9 de permanecer no MDB, mas n\u00e3o descartou a possibilidade de deixar a legenda.<\/p>\n<p>\u2013 N\u00e3o tive nenhuma conversa com o senador Maranh\u00e3o e at\u00e9 lamento profundamente, porque o tempo vai se limitando para que as decis\u00f5es sejam tomadas. Existe minha forte impress\u00e3o de que o MDB pode perder integrantes por falta de um delineamento estrat\u00e9gico melhor apresentado pela sua dire\u00e7\u00e3o. At\u00e9 o final do m\u00eas de mar\u00e7o a gente tem que tomar a decis\u00e3o de permanecer ou procurar uma outra legenda. \u2013 colocou.<\/p>\n<p><strong>CARIRI EM A\u00c7\u00c3O<\/strong><\/p>\n<p><em>R\u00e1dio Panor\u00e2mica FM com Para\u00edba online \/Foto: Reprodu\u00e7\u00e3o Internet<\/em><\/p>\n<p><strong>Leia mais not\u00edcias em\u00a0<\/strong><a href=\"http:\/\/www.caririemacao.com\/\"><strong>caririemacao.com<\/strong><\/a><strong>, siga nossa p\u00e1gina no\u00a0<\/strong><a href=\"https:\/\/www.facebook.com\/CaririEmAcao\/?ref=aymt_homepage_panel\"><strong>Facebook<\/strong><\/a>,<strong>\u00a0<\/strong><a href=\"https:\/\/www.instagram.com\/cariri_em_acao\/?hl=pt-br\"><strong>Instagram<\/strong><\/a><strong>\u00a0e\u00a0<\/strong><a href=\"https:\/\/www.youtube.com\/channel\/UCAptA0jQuYQy8vMhLt2m4qg\"><strong>Youtube<\/strong><\/a><strong>\u00a0e veja nossas mat\u00e9rias, v\u00eddeos e fotos. Voc\u00ea tamb\u00e9m pode enviar informa\u00e7\u00f5es \u00e0 Reda\u00e7\u00e3o do Portal Cariri em A\u00e7\u00e3o pelo WhatsApp (83) 9 9634.5791, (83) 9 9601-1162.<\/strong><\/p>\n","protected":false},"excerpt":{"rendered":"<p>O deputado federal Veneziano Vital do R\u00eago (MDB) admitiu que n\u00e3o teve nenhuma conversa com o senador Jos\u00e9 Maranh\u00e3o, presidente estadual de seu partido, e&hellip; <\/p>\n","protected":false},"author":2,"featured_media":25861,"comment_status":"closed","ping_status":"closed","sticky":false,"template":"","format":"standard","meta":{"sfsi_plus_gutenberg_text_before_share":"","sfsi_plus_gutenberg_show_text_before_share":"","sfsi_plus_gutenberg_icon_type":"","sfsi_plus_gutenberg_icon_alignemt":"","sfsi_plus_gutenburg_max_per_row":"","footnotes":""},"categories":[11],"tags":[],"class_list":["post-40577","post","type-post","status-publish","format-standard","has-post-thumbnail","hentry","category-politica"],"_links":{"self":[{"href":"https:\/\/www.caririemacao.com\/1\/wp-json\/wp\/v2\/posts\/40577","targetHints":{"allow":["GET"]}}],"collection":[{"href":"https:\/\/www.caririemacao.com\/1\/wp-json\/wp\/v2\/posts"}],"about":[{"href":"https:\/\/www.caririemacao.com\/1\/wp-json\/wp\/v2\/types\/post"}],"author":[{"embeddable":true,"href":"https:\/\/www.caririemacao.com\/1\/wp-json\/wp\/v2\/users\/2"}],"replies":[{"embeddable":true,"href":"https:\/\/www.caririemacao.com\/1\/wp-json\/wp\/v2\/comments?post=40577"}],"version-history":[{"count":0,"href":"https:\/\/www.caririemacao.com\/1\/wp-json\/wp\/v2\/posts\/40577\/revisions"}],"wp:featuredmedia":[{"embeddable":true,"href":"https:\/\/www.caririemacao.com\/1\/wp-json\/wp\/v2\/media\/25861"}],"wp:attachment":[{"href":"https:\/\/www.caririemacao.com\/1\/wp-json\/wp\/v2\/media?parent=40577"}],"wp:term":[{"taxonomy":"category","embeddable":true,"href":"https:\/\/www.caririemacao.com\/1\/wp-json\/wp\/v2\/categories?post=40577"},{"taxonomy":"post_tag","embeddable":true,"href":"https:\/\/www.caririemacao.com\/1\/wp-json\/wp\/v2\/tags?post=40577"}],"curies":[{"name":"wp","href":"https:\/\/api.w.org\/{rel}","templated":true}]}}