{"id":40579,"date":"2018-02-11T09:47:34","date_gmt":"2018-02-11T12:47:34","guid":{"rendered":"http:\/\/caririemacao.com\/1\/?p=40579"},"modified":"2018-02-11T09:47:34","modified_gmt":"2018-02-11T12:47:34","slug":"precedentes-no-tse-mostram-situacao-desfavoravel-a-lula","status":"publish","type":"post","link":"https:\/\/www.caririemacao.com\/1\/2018\/02\/11\/precedentes-no-tse-mostram-situacao-desfavoravel-a-lula\/","title":{"rendered":"Precedentes no TSE mostram situa\u00e7\u00e3o desfavor\u00e1vel a Lula"},"content":{"rendered":"<p>Uma an\u00e1lise sobre candidaturas questionadas no TSE (Tribunal Superior Eleitoral) com base na Lei da Ficha Limpa aponta que a jurisprud\u00eancia da corte \u00e9 desfavor\u00e1vel a uma eventual postula\u00e7\u00e3o do ex-presidente Luiz In\u00e1cio Lula da Silva, condenado criminalmente pela segunda inst\u00e2ncia da Justi\u00e7a Federal.<\/p>\n<p>A pedido da\u00a0<strong>Folha<\/strong>, a \u00e1rea t\u00e9cnica do TSE listou precedentes relevantes nas elei\u00e7\u00f5es gerais de 2010 e 2014. Segundo o tribunal, sete casos formam um &#8220;rol exemplificativo&#8221; de sua jurisprud\u00eancia.<\/p>\n<div class=\"c-news__body\" data-share-text=\"\" data-news-content-text=\"\" data-disable-copy=\"\" data-continue-reading=\"\" data-continue-reading-hide-others=\".js-continue-reading-hidden\">\n<p>Em seis deles, o TSE indeferiu os registros de candidatura. Somente em um o registro foi deferido porque, conforme o c\u00e1lculo temporal empregado pelo tribunal, o per\u00edodo de inelegibilidade de oito anos, previsto na Lei da Ficha Limpa, se esgotou antes da elei\u00e7\u00e3o e o candidato voltou a ser eleg\u00edvel.<\/p>\n<div>\u00a0N\u00e3o houve casos em que o TSE aceitou o registro de candidatura de fichas-sujas.<\/div>\n<p>Em todos os cinco casos de 2010 listados, referentes aos candidatos C\u00e1ssio Cunha Lima (PSDB-PB), Natan Donadon (MDB-RO), Jo\u00e3o Pizzolatti (PP-SC), Marcelino Fraga (MDB-ES) e Marcelo Miranda (MDB-TO), o TSE negou os registros de candidatura. Por\u00e9m, eles conseguiram participar da disputa sub judice (com recursos sobre o pedido de candidatura pendentes).<\/p>\n<p>\u00c0 \u00e9poca, a discuss\u00e3o era se a Lei da Ficha Limpa, aprovada em 2010, valia ou n\u00e3o para as elei\u00e7\u00f5es daquele ano, principal argumento que segurou as candidaturas dos que se enquadravam nas hip\u00f3teses de inelegibilidade.<\/p>\n<p>Excetuando Miranda \u2014que concorria ao Senado e hoje \u00e9 governador do Tocantins\u2014, os demais candidatos sub judice que foram eleitos puderam assumir os mandatos. Isso porque, em mar\u00e7o de 2011, o STF (Supremo Tribunal Federal) decidiu que a aplica\u00e7\u00e3o da Lei da Ficha Limpa \u00e0quele pleito era inconstitucional.<\/p>\n<p>A maioria do Supremo considerou que, para ter valido em 2010, a lei precisava ter entrado em vigor pelo menos um ano antes da elei\u00e7\u00e3o.<\/p>\n<p>J\u00e1 Miranda foi barrado porque a Justi\u00e7a entendeu que mesmo sem a Lei da Ficha Limpa ele estava ineleg\u00edvel. Ele havia sido condenado em 2009 pelo TSE por abuso de poder e compra de votos na elei\u00e7\u00e3o de 2006, quando foi reeleito governador do Tocantins. Teve o mandato cassado e perdeu o direito de disputar elei\u00e7\u00f5es por tr\u00eas anos \u2014prazo que atingia 2010.<\/p>\n<p><strong>FALSO PRECEDENTE<\/strong><\/p>\n<p>O caso de Donadon \u00e9 citado ocasionalmente como precedente de que condenados por crimes em segunda inst\u00e2ncia podem disputar elei\u00e7\u00f5es. De todo o rol exemplificativo apontado pelo TSE, ele era o \u00fanico sentenciado na esfera criminal, por peculato e forma\u00e7\u00e3o de quadrilha.<\/p>\n<p>Entretanto uma compara\u00e7\u00e3o entre o caso de Donadon e o de Lula desconsidera a peculiaridade do pleito de 2010, para o qual a Ficha Limpa n\u00e3o valeu. De l\u00e1 para c\u00e1, a aplica\u00e7\u00e3o dessa lei se consolidou.<\/p>\n<p>Em 2014, Jos\u00e9 Roberto Arruda, pelo PR, tentou voltar ao governo do Distrito Federal. Condenado pelo Tribunal de Justi\u00e7a do DF por improbidade administrativa e enriquecimento il\u00edcito relativos ao tempo em que foi governador (2007-2010), ele teve os recursos negados pelo TSE e n\u00e3o apareceu nas urnas.<\/p>\n<p>J\u00e1 o senador Cunha Lima &#8211;que assumiu uma cadeira no Senado ap\u00f3s o STF invalidar a Ficha Limpa para 2010&#8211; conseguiu decis\u00e3o favor\u00e1vel no TSE em 2014 para concorrer ao governo da Para\u00edba.<\/p>\n<p>O problema dele remontava \u00e0 elei\u00e7\u00e3o de 2006, quando se reelegeu governador. Em 2008, o TSE cassou seu mandato de governador por abuso de poder econ\u00f4mico e pol\u00edtico e conduta vedada a agente p\u00fablico naquele pleito.<\/p>\n<p>Contrariando advers\u00e1rios e o Minist\u00e9rio P\u00fablico Eleitoral, que impugnaram o registro do tucano em 2014, o TSE decidiu que o prazo de oito anos de inelegibilidade come\u00e7ou a contar no primeiro turno da elei\u00e7\u00e3o de 2006 (que havia sido em 1\u00ba de outubro). Assim, na data do primeiro turno de 2014 (5 de outubro), j\u00e1 teriam transcorrido os oito anos e ele estava liberado.<\/p>\n<p>A discuss\u00e3o sobre a Ficha Limpa ganhou relev\u00e2ncia por causa da condena\u00e7\u00e3o de Lula pelo Tribunal Regional Eleitoral da 4\u00aa Regi\u00e3o, em janeiro. Condenados por \u00f3rg\u00e3os colegiados, como o tribunal, ficam ineleg\u00edveis. Ele \u00e9 pr\u00e9-candidato \u00e0 Presid\u00eancia.<\/p>\n<p>Especialistas consultados pela reportagem afirmaram que as chances dele n\u00e3o est\u00e3o na Justi\u00e7a Eleitoral, mas na esfera penal. Para ter seu registro de candidatura deferido pelo TSE, Lula precisa de uma decis\u00e3o de tribunal superior (STJ ou STF) que suspenda a condena\u00e7\u00e3o imposta pelo TRF-4 \u2014o que, por consequ\u00eancia, suspenderia a causa da inelegibilidade.<\/p>\n<p><strong>FICHA LIMPA NO TSE<\/strong><\/p>\n<p>Corte superior destaca casos relevantes para a jurisprud\u00eancia<\/p>\n<p><strong>ELEI\u00c7\u00d5ES 2010<\/strong><\/p>\n<p><strong>Marcelo Miranda<\/strong><\/p>\n<p>Candidato a senador pelo PMDB-TO<\/p>\n<p>&gt;Condenado por abuso de poder e compra de votos em 2006, quando se reelegeu governador Em 2009, foi cassado<\/p>\n<p>&gt; Candidatura indeferida<\/p>\n<p>&gt; Concorreu sub judice, se elegeu, mas n\u00e3o assumiu; condenado em 2009 a tr\u00eas anos de inelegibilidade<\/p>\n<p><strong>Natan\u00a0Donadon<\/strong><\/p>\n<p>Candidato a deputado federal pelo PMDB-RO<\/p>\n<p>&gt; Condenado em segunda inst\u00e2ncia por improbidade e por peculato e forma\u00e7\u00e3o de quadrilha<\/p>\n<p>&gt; Candidatura indeferida<\/p>\n<p>&gt; Concorreu sub judice, se elegeu e assumiu ap\u00f3s o STF decidir que a Ficha Limpa n\u00e3o se aplicava \u00e0 elei\u00e7\u00e3o de 2010<\/p>\n<p><strong>C\u00e1ssio Cunha Lima<\/strong><\/p>\n<p>Candidato a senador pelo PSDB-PB<\/p>\n<p>&gt; Condenado por abuso de poder e conduta vedada, em 2006. Em 2008 foi cassado<\/p>\n<p>&gt; Candidatura indeferida<\/p>\n<p>&gt; Concorreu sub judice, se elegeu e assumiu ap\u00f3s o STF decidir que a Ficha Limpa n\u00e3o se aplicava \u00e0 elei\u00e7\u00e3o de 2010<\/p>\n<p><strong>Marcelino Ayub Fraga<\/strong><\/p>\n<p>Candidato a deputado estadual pelo PMDB no ES<\/p>\n<p>&gt; Ineleg\u00edvel porque renunciou ao mandato de deputado federal em 2006 para evitar a cassa\u00e7\u00e3o de seu mandato<\/p>\n<p>&gt; Candidatura foi indeferida no TSE<\/p>\n<p>&gt; Concorreu sub judice naquele ano, mas n\u00e3o foi eleito<\/p>\n<p><strong>ELEI\u00c7\u00d5ES 2014<\/strong><\/p>\n<p><strong>Jos\u00e9 Roberto Arruda<\/strong><\/p>\n<p>Candidato a governador do DF pelo PR<\/p>\n<p>&gt; Foi condenado pelo Tribunal de Justi\u00e7a do Distrito Federal por improbidade administrativa, dano ao patrim\u00f4nio p\u00fablico e enriquecimento il\u00edcito<\/p>\n<p>&gt; Candidatura indeferida<\/p>\n<p>&gt; N\u00e3o p\u00f4de concorrer e um substituto assumiu seu lugar na chapa<\/p>\n<p><strong>C\u00e1ssio Cunha Lima<\/strong><\/p>\n<p>Candidato a governador da PB pelo PSDB<\/p>\n<p>&gt; Condenado por abuso de poder e conduta vedada, em 2006, quando se reelegeu. Em 2008 foi cassado<\/p>\n<p>&gt; Candidatura deferida<\/p>\n<p>&gt; Concorreu e foi derrotado. TSE considerou que a inelegibilidade, de 8 anos, come\u00e7ou em 2006 e terminou antes da elei\u00e7\u00e3o<\/p>\n<\/div>\n<div class=\"c-topics u-no-print js-continue-reading-hidden\">\n<p><strong>CARIRI EM A\u00c7\u00c3O<\/strong><\/p>\n<p><em>Com Folha de S\u00e3o Paulo \/Foto: Reprodu\u00e7\u00e3o Internet<\/em><\/p>\n<p><strong>Leia mais not\u00edcias em\u00a0<\/strong><a href=\"http:\/\/www.caririemacao.com\/\"><strong>caririemacao.com<\/strong><\/a><strong>, siga nossa p\u00e1gina no\u00a0<\/strong><a href=\"https:\/\/www.facebook.com\/CaririEmAcao\/?ref=aymt_homepage_panel\"><strong>Facebook<\/strong><\/a>,<strong>\u00a0<\/strong><a href=\"https:\/\/www.instagram.com\/cariri_em_acao\/?hl=pt-br\"><strong>Instagram<\/strong><\/a><strong>\u00a0e <\/strong><a href=\"https:\/\/www.youtube.com\/channel\/UCAptA0jQuYQy8vMhLt2m4qg\"><strong>Youtube<\/strong><\/a><strong>\u00a0e veja nossas mat\u00e9rias, v\u00eddeos e fotos. Voc\u00ea tamb\u00e9m pode enviar informa\u00e7\u00f5es \u00e0 Reda\u00e7\u00e3o do Portal Cariri em A\u00e7\u00e3o pelo WhatsApp (83) 9 9634.5791, (83) 9 9601-1162.<\/strong><\/p>\n<\/div>\n","protected":false},"excerpt":{"rendered":"<p>Uma an\u00e1lise sobre candidaturas questionadas no TSE (Tribunal Superior Eleitoral) com base na Lei da Ficha Limpa aponta que a jurisprud\u00eancia da corte \u00e9 desfavor\u00e1vel&hellip; <\/p>\n","protected":false},"author":2,"featured_media":18647,"comment_status":"closed","ping_status":"closed","sticky":false,"template":"","format":"standard","meta":{"sfsi_plus_gutenberg_text_before_share":"","sfsi_plus_gutenberg_show_text_before_share":"","sfsi_plus_gutenberg_icon_type":"","sfsi_plus_gutenberg_icon_alignemt":"","sfsi_plus_gutenburg_max_per_row":"","footnotes":""},"categories":[11],"tags":[],"class_list":["post-40579","post","type-post","status-publish","format-standard","has-post-thumbnail","hentry","category-politica"],"_links":{"self":[{"href":"https:\/\/www.caririemacao.com\/1\/wp-json\/wp\/v2\/posts\/40579","targetHints":{"allow":["GET"]}}],"collection":[{"href":"https:\/\/www.caririemacao.com\/1\/wp-json\/wp\/v2\/posts"}],"about":[{"href":"https:\/\/www.caririemacao.com\/1\/wp-json\/wp\/v2\/types\/post"}],"author":[{"embeddable":true,"href":"https:\/\/www.caririemacao.com\/1\/wp-json\/wp\/v2\/users\/2"}],"replies":[{"embeddable":true,"href":"https:\/\/www.caririemacao.com\/1\/wp-json\/wp\/v2\/comments?post=40579"}],"version-history":[{"count":0,"href":"https:\/\/www.caririemacao.com\/1\/wp-json\/wp\/v2\/posts\/40579\/revisions"}],"wp:featuredmedia":[{"embeddable":true,"href":"https:\/\/www.caririemacao.com\/1\/wp-json\/wp\/v2\/media\/18647"}],"wp:attachment":[{"href":"https:\/\/www.caririemacao.com\/1\/wp-json\/wp\/v2\/media?parent=40579"}],"wp:term":[{"taxonomy":"category","embeddable":true,"href":"https:\/\/www.caririemacao.com\/1\/wp-json\/wp\/v2\/categories?post=40579"},{"taxonomy":"post_tag","embeddable":true,"href":"https:\/\/www.caririemacao.com\/1\/wp-json\/wp\/v2\/tags?post=40579"}],"curies":[{"name":"wp","href":"https:\/\/api.w.org\/{rel}","templated":true}]}}