{"id":40581,"date":"2018-02-11T09:50:53","date_gmt":"2018-02-11T12:50:53","guid":{"rendered":"http:\/\/caririemacao.com\/1\/?p=40581"},"modified":"2018-02-11T09:50:53","modified_gmt":"2018-02-11T12:50:53","slug":"ministro-abre-chance-de-apoiar-huck-candidato-caso-ele-defenda-legado-de-temer","status":"publish","type":"post","link":"https:\/\/www.caririemacao.com\/1\/2018\/02\/11\/ministro-abre-chance-de-apoiar-huck-candidato-caso-ele-defenda-legado-de-temer\/","title":{"rendered":"Ministro abre chance de apoiar Huck candidato caso ele defenda &#8220;legado&#8221; de Temer"},"content":{"rendered":"<p class=\" \">O ministro-chefe da Casa Civil, Eliseu Padilha (MDB), deixou aberta a possibilidade de o governo vir a apoiar uma\u00a0\u00a0eventual candidatura do apresentador Luciano Huck\u00a0para a Presid\u00eancia da Rep\u00fablica.<\/p>\n<p>Em entrevista concedida\u00a0neste s\u00e1bado (10), Padilha disse que\u00a0Luciano Huck\u00a0\u00e9 um &#8220;nome popular&#8221; e que poderia ter o apoio do governo caso ele defenda o &#8220;legado&#8221; da gest\u00e3o Michel Temer.<\/p>\n<p>&#8220;Ele n\u00e3o \u00e9 um pol\u00edtico tradicional, n\u00e3o sei qual a composi\u00e7\u00e3o que ele vai tentar buscar para sua rede de prote\u00e7\u00e3o e apoio. O que o presidente coloca \u00e9 que o candidato seja defensor do legado e da continuidade dos programas que n\u00f3s implantamos. Se ele aderir a esta tese, por que n\u00e3o?&#8221;, avaliou o ministro.<\/p>\n<p>Padilha disse que est\u00e1 &#8220;contido&#8221; em rela\u00e7\u00e3o a uma eventual candidatura do apresentador e afirmou que, apesar de\u00a0n\u00e3o descartar apoiar o global, o Planalto\u00a0ainda &#8220;aposta&#8221; na identifica\u00e7\u00e3o de um candidato dos partidos aliados que seja capaz de &#8220;galvanizar todos os partidos da base de apoio&#8221;.<\/p>\n<h3>Huck quer ou n\u00e3o ser candidato?<\/h3>\n<p>A novela\u00a0acerca da eventual candidatura de Huck teve novos epis\u00f3dios nos \u00faltimos dias. Na\u00a0quinta-feira (8), o apresentador entregou resposta a a\u00e7\u00e3o movida contra ele pelo Partido dos Trabalhadores (PT) no Tribunal Superior Eleitoral (TSE). Os advogados de Huck negaram a tese de que ele teria\u00a0feito propaganda irregular\u00a0\u00a0durante entrevista ao Faust\u00e3o (TV Globo)\u00a0e reafirmou que n\u00e3o seria candidato neste ano.<\/p>\n<p>No mesmo dia, no entanto, Huck participou de jantar com o ex-presidente Fernando Henrique Cardoso, que disse que o apresentador &#8220;tem o estilo do PSDB&#8221;. Segundo o tucano, o global teria\u00a0confidenciado que &#8220;est\u00e1 considerando&#8221; a possibilidade de disputar a Presid\u00eancia nas elei\u00e7\u00f5es de outubro.<\/p>\n<p><strong>CARIRI EM A\u00c7\u00c3O<\/strong><\/p>\n<p><em>Com \u00daltimo Segundo\/Foto: Reprodu\u00e7\u00e3o Internet<\/em><\/p>\n<p><strong>Leia mais not\u00edcias em\u00a0<\/strong><a href=\"http:\/\/www.caririemacao.com\/\"><strong>caririemacao.com<\/strong><\/a><strong>, siga nossa p\u00e1gina no\u00a0<\/strong><a href=\"https:\/\/www.facebook.com\/CaririEmAcao\/?ref=aymt_homepage_panel\"><strong>Facebook<\/strong><\/a>,<strong>\u00a0<\/strong><a href=\"https:\/\/www.instagram.com\/cariri_em_acao\/?hl=pt-br\"><strong>Instagram<\/strong><\/a><strong>\u00a0e\u00a0<\/strong><a href=\"https:\/\/www.youtube.com\/channel\/UCAptA0jQuYQy8vMhLt2m4qg\"><strong>Youtube<\/strong><\/a><strong>\u00a0e veja nossas mat\u00e9rias, v\u00eddeos e fotos. Voc\u00ea tamb\u00e9m pode enviar informa\u00e7\u00f5es \u00e0 Reda\u00e7\u00e3o do Portal Cariri em A\u00e7\u00e3o pelo WhatsApp (83) 9 9634.5791, (83) 9 9601-1162.<\/strong><\/p>\n","protected":false},"excerpt":{"rendered":"<p>O ministro-chefe da Casa Civil, Eliseu Padilha (MDB), deixou aberta a possibilidade de o governo vir a apoiar uma\u00a0\u00a0eventual candidatura do apresentador Luciano Huck\u00a0para a&hellip; <\/p>\n","protected":false},"author":2,"featured_media":40498,"comment_status":"closed","ping_status":"closed","sticky":false,"template":"","format":"standard","meta":{"sfsi_plus_gutenberg_text_before_share":"","sfsi_plus_gutenberg_show_text_before_share":"","sfsi_plus_gutenberg_icon_type":"","sfsi_plus_gutenberg_icon_alignemt":"","sfsi_plus_gutenburg_max_per_row":"","footnotes":""},"categories":[1],"tags":[],"class_list":["post-40581","post","type-post","status-publish","format-standard","has-post-thumbnail","hentry","category-o-site"],"_links":{"self":[{"href":"https:\/\/www.caririemacao.com\/1\/wp-json\/wp\/v2\/posts\/40581","targetHints":{"allow":["GET"]}}],"collection":[{"href":"https:\/\/www.caririemacao.com\/1\/wp-json\/wp\/v2\/posts"}],"about":[{"href":"https:\/\/www.caririemacao.com\/1\/wp-json\/wp\/v2\/types\/post"}],"author":[{"embeddable":true,"href":"https:\/\/www.caririemacao.com\/1\/wp-json\/wp\/v2\/users\/2"}],"replies":[{"embeddable":true,"href":"https:\/\/www.caririemacao.com\/1\/wp-json\/wp\/v2\/comments?post=40581"}],"version-history":[{"count":0,"href":"https:\/\/www.caririemacao.com\/1\/wp-json\/wp\/v2\/posts\/40581\/revisions"}],"wp:featuredmedia":[{"embeddable":true,"href":"https:\/\/www.caririemacao.com\/1\/wp-json\/wp\/v2\/media\/40498"}],"wp:attachment":[{"href":"https:\/\/www.caririemacao.com\/1\/wp-json\/wp\/v2\/media?parent=40581"}],"wp:term":[{"taxonomy":"category","embeddable":true,"href":"https:\/\/www.caririemacao.com\/1\/wp-json\/wp\/v2\/categories?post=40581"},{"taxonomy":"post_tag","embeddable":true,"href":"https:\/\/www.caririemacao.com\/1\/wp-json\/wp\/v2\/tags?post=40581"}],"curies":[{"name":"wp","href":"https:\/\/api.w.org\/{rel}","templated":true}]}}