{"id":40585,"date":"2018-02-11T10:03:03","date_gmt":"2018-02-11T13:03:03","guid":{"rendered":"http:\/\/caririemacao.com\/1\/?p=40585"},"modified":"2018-02-11T10:04:50","modified_gmt":"2018-02-11T13:04:50","slug":"folioes-animam-sabado-de-carnaval-em-camalau","status":"publish","type":"post","link":"https:\/\/www.caririemacao.com\/1\/2018\/02\/11\/folioes-animam-sabado-de-carnaval-em-camalau\/","title":{"rendered":"Foli\u00f5es animam s\u00e1bado de carnaval em Camala\u00fa"},"content":{"rendered":"<p>O s\u00e1bado de Carnaval na cidade de Camala\u00fa foi animado com duas atra\u00e7\u00f5es que levou o p\u00fablico presente a se divertir com sua turma.<\/p>\n<p>Bira e Banda Divertere e Novo Som Mix foram as atra\u00e7\u00f5es da noite deste s\u00e1bado, dia 10.<\/p>\n<p>Na ocasi\u00e3o, o prefeito Sandro, vice-prefeito Kiel e vereadores prestigiaram o segundo dia de programa\u00e7\u00e3o.<\/p>\n<p><a href=\"http:\/\/caririemacao.com\/1\/wp-content\/uploads\/2018\/02\/s\u00e1bado-11.02.18-camala\u00fa-carnaval-15.jpg\"><img fetchpriority=\"high\" decoding=\"async\" class=\"aligncenter size-full wp-image-40588\" src=\"http:\/\/caririemacao.com\/1\/wp-content\/uploads\/2018\/02\/s\u00e1bado-11.02.18-camala\u00fa-carnaval-15.jpg\" alt=\"\" width=\"800\" height=\"533\" srcset=\"https:\/\/www.caririemacao.com\/1\/wp-content\/uploads\/2018\/02\/s\u00e1bado-11.02.18-camala\u00fa-carnaval-15.jpg 800w, https:\/\/www.caririemacao.com\/1\/wp-content\/uploads\/2018\/02\/s\u00e1bado-11.02.18-camala\u00fa-carnaval-15-300x200.jpg 300w, https:\/\/www.caririemacao.com\/1\/wp-content\/uploads\/2018\/02\/s\u00e1bado-11.02.18-camala\u00fa-carnaval-15-768x512.jpg 768w\" sizes=\"(max-width: 800px) 100vw, 800px\" \/><\/a><\/p>\n<p>Sandro aproveitou para convidar toda popula\u00e7\u00e3o para participar neste domingo da reabertura do banho no Balne\u00e1rio de Camala\u00fa. Vale lembrar que a entrada \u00e9 apenas um quilo de alimento.<\/p>\n<p><a href=\"https:\/\/www.facebook.com\/pg\/CaririEmAcao\/photos\/?tab=album&amp;album_id=1181005422035479\">CLIQUE E VEJA TODAS AS FOTOS DESTE S\u00c1BADO (10)<\/a><\/p>\n<p>&nbsp;<\/p>\n<p><em><strong>Confira a programa\u00e7\u00e3o:<\/strong><\/em><\/p>\n<p><strong>Domingo (Balne\u00e1rio P\u00fablico)<\/strong><\/p>\n<p>12:00 \u2013 Tinho Wt<\/p>\n<p>14:30 \u2013 Forr\u00f3 Topado<\/p>\n<p>17:30 \u2013 Arrast\u00e3o at\u00e9 a cidade<\/p>\n<p>Na cidade acontece a noite o desfile das virgens<\/p>\n<p><strong>Segunda (Balne\u00e1rio P\u00fablico)<\/strong><\/p>\n<p>12:00 \u2013 Farra da Gal\u00eaga<\/p>\n<p>14:30 \u2013 Patr\u00f5es do Forr\u00f3<\/p>\n<p><strong>No Distrito do Pindur\u00e3o<\/strong><\/p>\n<p>13:00 \u2013 Vitinho Kabuloso<\/p>\n<p><strong>Ter\u00e7a (Balne\u00e1rio P\u00fablico)<\/strong><\/p>\n<p>12:00 \u2013 Bhira e Banda Divertere<\/p>\n<p>14:00 \u2013 Feiti\u00e7o de Menina<\/p>\n<p>17:30 \u2013 Arrast\u00e3o at\u00e9 a cidade<\/p>\n<p>Na cidade acontece o tradicional desfile do Bloco da Saudade, a partir das 20 horas.<\/p>\n<p><strong>CARIRI EM A\u00c7\u00c3O<\/strong><\/p>\n<p><strong>Leia mais not\u00edcias em\u00a0<\/strong><a style=\"font-style: inherit; font-weight: inherit;\" href=\"http:\/\/www.caririemacao.com\/\"><strong style=\"font-style: inherit;\">caririemacao.com<\/strong><\/a><strong style=\"font-style: inherit;\">, siga nossa p\u00e1gina no\u00a0<\/strong><a style=\"font-style: inherit; font-weight: inherit;\" href=\"https:\/\/www.facebook.com\/CaririEmAcao\/?ref=aymt_homepage_panel\"><strong style=\"font-style: inherit;\">Facebook<\/strong><\/a>,<strong style=\"font-style: inherit;\">\u00a0<\/strong><a style=\"font-style: inherit; font-weight: inherit;\" href=\"https:\/\/www.instagram.com\/cariri_em_acao\/?hl=pt-br\"><strong style=\"font-style: inherit;\">Instagram<\/strong><\/a><strong style=\"font-style: inherit;\">\u00a0e\u00a0<\/strong><a style=\"font-style: inherit; font-weight: inherit;\" href=\"https:\/\/www.youtube.com\/channel\/UCAptA0jQuYQy8vMhLt2m4qg\"><strong style=\"font-style: inherit;\">Youtube<\/strong><\/a><strong style=\"font-style: inherit;\">\u00a0e veja nossas mat\u00e9rias, v\u00eddeos e fotos. Voc\u00ea tamb\u00e9m pode enviar informa\u00e7\u00f5es \u00e0 Reda\u00e7\u00e3o do Portal Cariri em A\u00e7\u00e3o pelo WhatsApp (83) 9 9634.5791, (83) 9 9601-1162.<\/strong><\/p>\n<p>&nbsp;<\/p>\n","protected":false},"excerpt":{"rendered":"<p>O s\u00e1bado de Carnaval na cidade de Camala\u00fa foi animado com duas atra\u00e7\u00f5es que levou o p\u00fablico presente a se divertir com sua turma. Bira&hellip; <\/p>\n","protected":false},"author":2,"featured_media":40587,"comment_status":"closed","ping_status":"closed","sticky":false,"template":"","format":"standard","meta":{"sfsi_plus_gutenberg_text_before_share":"","sfsi_plus_gutenberg_show_text_before_share":"","sfsi_plus_gutenberg_icon_type":"","sfsi_plus_gutenberg_icon_alignemt":"","sfsi_plus_gutenburg_max_per_row":"","footnotes":""},"categories":[6],"tags":[],"class_list":["post-40585","post","type-post","status-publish","format-standard","has-post-thumbnail","hentry","category-cidades"],"_links":{"self":[{"href":"https:\/\/www.caririemacao.com\/1\/wp-json\/wp\/v2\/posts\/40585","targetHints":{"allow":["GET"]}}],"collection":[{"href":"https:\/\/www.caririemacao.com\/1\/wp-json\/wp\/v2\/posts"}],"about":[{"href":"https:\/\/www.caririemacao.com\/1\/wp-json\/wp\/v2\/types\/post"}],"author":[{"embeddable":true,"href":"https:\/\/www.caririemacao.com\/1\/wp-json\/wp\/v2\/users\/2"}],"replies":[{"embeddable":true,"href":"https:\/\/www.caririemacao.com\/1\/wp-json\/wp\/v2\/comments?post=40585"}],"version-history":[{"count":0,"href":"https:\/\/www.caririemacao.com\/1\/wp-json\/wp\/v2\/posts\/40585\/revisions"}],"wp:featuredmedia":[{"embeddable":true,"href":"https:\/\/www.caririemacao.com\/1\/wp-json\/wp\/v2\/media\/40587"}],"wp:attachment":[{"href":"https:\/\/www.caririemacao.com\/1\/wp-json\/wp\/v2\/media?parent=40585"}],"wp:term":[{"taxonomy":"category","embeddable":true,"href":"https:\/\/www.caririemacao.com\/1\/wp-json\/wp\/v2\/categories?post=40585"},{"taxonomy":"post_tag","embeddable":true,"href":"https:\/\/www.caririemacao.com\/1\/wp-json\/wp\/v2\/tags?post=40585"}],"curies":[{"name":"wp","href":"https:\/\/api.w.org\/{rel}","templated":true}]}}