{"id":40586,"date":"2018-02-11T10:01:43","date_gmt":"2018-02-11T13:01:43","guid":{"rendered":"http:\/\/caririemacao.com\/1\/?p=40586"},"modified":"2018-02-11T10:01:43","modified_gmt":"2018-02-11T13:01:43","slug":"na-br-361-acidente-proximo-a-santa-terezinha-faz-vitima-fatal-na-noite-deste-sabado-10","status":"publish","type":"post","link":"https:\/\/www.caririemacao.com\/1\/2018\/02\/11\/na-br-361-acidente-proximo-a-santa-terezinha-faz-vitima-fatal-na-noite-deste-sabado-10\/","title":{"rendered":"Na BR 361: Acidente pr\u00f3ximo a Santa Terezinha faz v\u00edtima fatal na noite deste s\u00e1bado (10)"},"content":{"rendered":"<p>Um acidente com v\u00edtima fatal foi registrado na noite deste s\u00e1bado, 10 de fevereiro. Segundo informa\u00e7\u00f5es colhidas pela equipe Patosonline.com, o fato aconteceu na altura do quil\u00f4metro 18, da BR-361, a cerca de 4 (quatro) quil\u00f4metro da cidade de Santa Terezinha Para\u00edba, e deixou como v\u00edtima fatal, o jovem F\u00e1bio J\u00fanior dos Santos Mota, 33 anos.<\/p>\n<p>A v\u00edtima estava conduzindo uma motocicleta, modelo Honda, cor vermelha, de placa MNC 9582, quando por algum motivo perdeu o controle da mesma vindo a cair na pista de rolamento. Existe a informa\u00e7\u00e3o de que o jovem pode ter sido atingido por um ve\u00edculo que passava pelo local, mas esse fato s\u00f3 poder\u00e1 ser constatado ou descartado ap\u00f3s a realiza\u00e7\u00e3o da per\u00edcia.<\/p>\n<p>Era por volta das 19h00m (sete da noite) e chovia no momento do acidente.<\/p>\n<p>Outra informa\u00e7\u00e3o que circulavam entre os curiosos que estavam no local, era que a v\u00edtima vinha conversando com outro rapaz, que tamb\u00e9m estava de motocicleta. Talvez esse fato possa ter provocado o acidente. Essa informa\u00e7\u00e3o, no entanto, n\u00e3o foi confirmada ainda pelas autoridades.<\/p>\n<p>O Servi\u00e7o de Atendimento M\u00f3vel de Urg\u00eancia \u2013 SAMU, ainda foi acionado, mas ao chegar ao local, constatou o \u00f3bito.<\/p>\n<p><strong>CARIRI EM A\u00c7\u00c3O<\/strong><\/p>\n<p><em>Com Patosonline<\/em><\/p>\n<p><strong>Leia mais not\u00edcias em\u00a0<\/strong><a href=\"http:\/\/www.caririemacao.com\/\"><strong>caririemacao.com<\/strong><\/a><strong>, siga nossa p\u00e1gina no\u00a0<\/strong><a href=\"https:\/\/www.facebook.com\/CaririEmAcao\/?ref=aymt_homepage_panel\"><strong>Facebook<\/strong><\/a>,<strong>\u00a0<\/strong><a href=\"https:\/\/www.instagram.com\/cariri_em_acao\/?hl=pt-br\"><strong>Instagram<\/strong><\/a><strong>\u00a0e\u00a0<\/strong><a href=\"https:\/\/www.youtube.com\/channel\/UCAptA0jQuYQy8vMhLt2m4qg\"><strong>Youtube<\/strong><\/a><strong>\u00a0e veja nossas mat\u00e9rias, v\u00eddeos e fotos. Voc\u00ea tamb\u00e9m pode enviar informa\u00e7\u00f5es \u00e0 Reda\u00e7\u00e3o do Portal Cariri em A\u00e7\u00e3o pelo WhatsApp (83) 9 9634.5791, (83) 9 9601-1162.<\/strong><\/p>\n","protected":false},"excerpt":{"rendered":"<p>Um acidente com v\u00edtima fatal foi registrado na noite deste s\u00e1bado, 10 de fevereiro. Segundo informa\u00e7\u00f5es colhidas pela equipe Patosonline.com, o fato aconteceu na altura&hellip; <\/p>\n","protected":false},"author":2,"featured_media":36838,"comment_status":"closed","ping_status":"closed","sticky":false,"template":"","format":"standard","meta":{"sfsi_plus_gutenberg_text_before_share":"","sfsi_plus_gutenberg_show_text_before_share":"","sfsi_plus_gutenberg_icon_type":"","sfsi_plus_gutenberg_icon_alignemt":"","sfsi_plus_gutenburg_max_per_row":"","footnotes":""},"categories":[12],"tags":[],"class_list":["post-40586","post","type-post","status-publish","format-standard","has-post-thumbnail","hentry","category-policia"],"_links":{"self":[{"href":"https:\/\/www.caririemacao.com\/1\/wp-json\/wp\/v2\/posts\/40586","targetHints":{"allow":["GET"]}}],"collection":[{"href":"https:\/\/www.caririemacao.com\/1\/wp-json\/wp\/v2\/posts"}],"about":[{"href":"https:\/\/www.caririemacao.com\/1\/wp-json\/wp\/v2\/types\/post"}],"author":[{"embeddable":true,"href":"https:\/\/www.caririemacao.com\/1\/wp-json\/wp\/v2\/users\/2"}],"replies":[{"embeddable":true,"href":"https:\/\/www.caririemacao.com\/1\/wp-json\/wp\/v2\/comments?post=40586"}],"version-history":[{"count":0,"href":"https:\/\/www.caririemacao.com\/1\/wp-json\/wp\/v2\/posts\/40586\/revisions"}],"wp:featuredmedia":[{"embeddable":true,"href":"https:\/\/www.caririemacao.com\/1\/wp-json\/wp\/v2\/media\/36838"}],"wp:attachment":[{"href":"https:\/\/www.caririemacao.com\/1\/wp-json\/wp\/v2\/media?parent=40586"}],"wp:term":[{"taxonomy":"category","embeddable":true,"href":"https:\/\/www.caririemacao.com\/1\/wp-json\/wp\/v2\/categories?post=40586"},{"taxonomy":"post_tag","embeddable":true,"href":"https:\/\/www.caririemacao.com\/1\/wp-json\/wp\/v2\/tags?post=40586"}],"curies":[{"name":"wp","href":"https:\/\/api.w.org\/{rel}","templated":true}]}}