{"id":40599,"date":"2018-02-11T10:09:25","date_gmt":"2018-02-11T13:09:25","guid":{"rendered":"http:\/\/caririemacao.com\/1\/?p=40599"},"modified":"2018-02-11T10:09:25","modified_gmt":"2018-02-11T13:09:25","slug":"manoel-jr-lamenta-tratamento-ofensivo-de-rc-contra-ligia","status":"publish","type":"post","link":"https:\/\/www.caririemacao.com\/1\/2018\/02\/11\/manoel-jr-lamenta-tratamento-ofensivo-de-rc-contra-ligia\/","title":{"rendered":"Manoel Jr lamenta \u201ctratamento ofensivo\u201d de RC contra L\u00edgia"},"content":{"rendered":"<section class=\"l-noticia\">\u201cA Para\u00edba n\u00e3o aceita mais esse comportamento coronelista do quero, mandou e posso, que o governador Ricardo Coutinho insiste em praticar no Estado, contra seus aliados, especialmente contra uma mulher, a vice-governadora L\u00edgia Feliciano, que tem sido detratada por ele, em suas mais recentes declara\u00e7\u00f5es, com um tratamento ofensivo\u201d, afirmou o vice-prefeito Manuel J\u00fanior.<\/p>\n<p>Segundo J\u00fanior, \u201cesse comportamento remete aos tempos do feudalismo, em que as pessoas tinham que se comportar como vassalas. Ora, a Para\u00edba n\u00e3o \u00e9 de Ricardo. Esse cidad\u00e3o ainda n\u00e3o aprendeu isso.\u00a0 Ele nunca soube fazer pol\u00edtica coletiva. S\u00f3 sabe fazer a pol\u00edtica do eu s\u00f3 e da persegui\u00e7\u00e3o, como estamos presenciando, ele s\u00f3 entende de persegui\u00e7\u00e3o, na verdade\u201d, acrescentou o vice-prefeito.<\/p>\n<p>\u201cN\u00e3o sei se as quest\u00f5es particulares dele com o deputado Dami\u00e3o Feliciano e com a vice-governadora L\u00edgia Feliciano, t\u00eam a ver com a sua perman\u00eancia no Governo, e se t\u00eam alguma rela\u00e7\u00e3o com os ataques ao jovem Renato Feliciano, especialmente \u00e0s infelizes ila\u00e7\u00f5es com o assassinato do radialista Ivanildo Viana, n\u00e3o sei, mas tudo parece muito estranho nesse comportamento agressivo do governador\u201d, arrematou.<\/p>\n<p>Declara\u00e7\u00f5es \u2013 Ao ser indagado, se deixaria o Governo em abril para a vice-governadora assumir, durante entrevista em Campina Grande, Ricardo Coutinho afirmou: \u201cEu n\u00e3o posso admitir nenhum tipo de mudan\u00e7a em nove meses, afinal eu \u00e9 quem fui eleito.\u201d O deputado Dami\u00e3o Feliciano recebeu as declara\u00e7\u00f5es com estranheza, afinal, em 2014, quando ningu\u00e9m queria ser candidato a vice de RC, sua esposa aceitou, e agora vem sendo hostilizada pelo governador.<\/p>\n<p><strong>CARIRI EM A\u00c7\u00c3O<\/strong><\/p>\n<p><em>Com Helder Moura\/Foto: Reprodu\u00e7\u00e3o Interne<\/em><\/p>\n<p><strong>Leia mais not\u00edcias em\u00a0<\/strong><a href=\"http:\/\/www.caririemacao.com\/\"><strong>caririemacao.com<\/strong><\/a><strong>, siga nossa p\u00e1gina no\u00a0<\/strong><a href=\"https:\/\/www.facebook.com\/CaririEmAcao\/?ref=aymt_homepage_panel\"><strong>Facebook<\/strong><\/a>,<strong>\u00a0<\/strong><a href=\"https:\/\/www.instagram.com\/cariri_em_acao\/?hl=pt-br\"><strong>Instagram<\/strong><\/a><strong>\u00a0e <\/strong><a href=\"https:\/\/www.youtube.com\/channel\/UCAptA0jQuYQy8vMhLt2m4qg\"><strong>Youtube<\/strong><\/a><strong>\u00a0e veja nossas mat\u00e9rias, v\u00eddeos e fotos. Voc\u00ea tamb\u00e9m pode enviar informa\u00e7\u00f5es \u00e0 Reda\u00e7\u00e3o do Portal Cariri em A\u00e7\u00e3o pelo WhatsApp (83) 9 9634.5791, (83) 9 9601-1162.<\/strong><\/p>\n<\/section>\n","protected":false},"excerpt":{"rendered":"<p>\u201cA Para\u00edba n\u00e3o aceita mais esse comportamento coronelista do quero, mandou e posso, que o governador Ricardo Coutinho insiste em praticar no Estado, contra seus&hellip; <\/p>\n","protected":false},"author":2,"featured_media":40602,"comment_status":"closed","ping_status":"closed","sticky":false,"template":"","format":"standard","meta":{"sfsi_plus_gutenberg_text_before_share":"","sfsi_plus_gutenberg_show_text_before_share":"","sfsi_plus_gutenberg_icon_type":"","sfsi_plus_gutenberg_icon_alignemt":"","sfsi_plus_gutenburg_max_per_row":"","footnotes":""},"categories":[11],"tags":[],"class_list":["post-40599","post","type-post","status-publish","format-standard","has-post-thumbnail","hentry","category-politica"],"_links":{"self":[{"href":"https:\/\/www.caririemacao.com\/1\/wp-json\/wp\/v2\/posts\/40599","targetHints":{"allow":["GET"]}}],"collection":[{"href":"https:\/\/www.caririemacao.com\/1\/wp-json\/wp\/v2\/posts"}],"about":[{"href":"https:\/\/www.caririemacao.com\/1\/wp-json\/wp\/v2\/types\/post"}],"author":[{"embeddable":true,"href":"https:\/\/www.caririemacao.com\/1\/wp-json\/wp\/v2\/users\/2"}],"replies":[{"embeddable":true,"href":"https:\/\/www.caririemacao.com\/1\/wp-json\/wp\/v2\/comments?post=40599"}],"version-history":[{"count":0,"href":"https:\/\/www.caririemacao.com\/1\/wp-json\/wp\/v2\/posts\/40599\/revisions"}],"wp:featuredmedia":[{"embeddable":true,"href":"https:\/\/www.caririemacao.com\/1\/wp-json\/wp\/v2\/media\/40602"}],"wp:attachment":[{"href":"https:\/\/www.caririemacao.com\/1\/wp-json\/wp\/v2\/media?parent=40599"}],"wp:term":[{"taxonomy":"category","embeddable":true,"href":"https:\/\/www.caririemacao.com\/1\/wp-json\/wp\/v2\/categories?post=40599"},{"taxonomy":"post_tag","embeddable":true,"href":"https:\/\/www.caririemacao.com\/1\/wp-json\/wp\/v2\/tags?post=40599"}],"curies":[{"name":"wp","href":"https:\/\/api.w.org\/{rel}","templated":true}]}}