{"id":40601,"date":"2018-02-11T10:11:55","date_gmt":"2018-02-11T13:11:55","guid":{"rendered":"http:\/\/caririemacao.com\/1\/?p=40601"},"modified":"2018-02-11T10:11:55","modified_gmt":"2018-02-11T13:11:55","slug":"varizes-pioram-com-as-altas-temperaturas-do-verao","status":"publish","type":"post","link":"https:\/\/www.caririemacao.com\/1\/2018\/02\/11\/varizes-pioram-com-as-altas-temperaturas-do-verao\/","title":{"rendered":"Varizes pioram com as altas temperaturas do ver\u00e3o"},"content":{"rendered":"<p>As\u00a0varizes\u00a0n\u00e3o ganham destaque no ver\u00e3o s\u00f3 porque essa \u00e9 a esta\u00e7\u00e3o dos shorts, das saias e dos vestidos. O pr\u00f3prio calor pode agravar o quadro e os sintomas, como dores, ard\u00eancia, incha\u00e7o \u2013 n\u00e3o,\u00a0esse problema n\u00e3o \u00e9 meramente est\u00e9tico.<\/p>\n<p>Segundo estimativas da\u00a0Sociedade Brasileira de Angiologia e Cirurgia Vascular (SBACV)\u00a0\u2013 Se\u00e7\u00e3o Rio de Janeiro, h\u00e1 um aumento de 20 a 30% no n\u00famero de queixas por esse tipo de problema nas pernas. Por qu\u00ea?<\/p>\n<p>\u201cCom a temperatura alta, h\u00e1 uma maior dilata\u00e7\u00e3o das veias das pernas\u201d, introduz o angiologista Daniel Mendes Pinto, presidente da\u00a0SBACV \u2013 Regional de Minas Gerais. \u201cEm pessoas com varizes, isso piora os desconfortos ou o lado est\u00e9tico\u201d, completa.<\/p>\n<p>\u00c9 poss\u00edvel, embora n\u00e3o comum, que o calor\u00e3o at\u00e9 aumente o risco de complica\u00e7\u00f5es mais graves, como \u00e9 o caso da\u00a0flebite, uma inflama\u00e7\u00e3o nas veias. Se nada \u00e9 feito, essa encrenca leva \u00e0 trombose.<\/p>\n<p>Para diminuir o risco de todas essas chatea\u00e7\u00f5es, procure se refrescar, evite passar longos per\u00edodos em p\u00e9, maneire no salto alto e, se for o caso, emagre\u00e7a. No mais, praticar exerc\u00edcio f\u00edsico \u00e9 sempre uma boa pedida, assim como usar\u00a0meias de compress\u00e3o\u00a0(com prescri\u00e7\u00e3o m\u00e9dica, diga-se).<\/p>\n<p>O profissional ressalta que, no ver\u00e3o, os consult\u00f3rios dos m\u00e9dicos que tratam as varizes \u2013\u00a0os angiologistas e cirurgi\u00f5es vasculares\u00a0\u2013 acabam enchendo. \u201cMas isso \u00e9 porque as mulheres exp\u00f5em mais as pernas nessa \u00e9poca\u201d, diz.<\/p>\n<p>Embora alguns pacientes cheguem aos doutores por causa de dores,\u00a0incha\u00e7o, coceira e por a\u00ed vai, os sintomas funcionais das varizes ainda s\u00e3o muito negligenciados.<\/p>\n<p>O recado \u00e9: se sentir algum desconforto mais prolongado, principalmente nos membros inferiores, procure um profissional. Ainda mais se ele vier acompanhado do surgimento de pequenas veias esverdeadas nas pernas. At\u00e9 porque oito a cada dez mulheres sofrer\u00e3o com as varizes ao longo da vida.<\/p>\n<h3>E o tratamento?<\/h3>\n<p>Ele melhorou muito. Hoje em dia, h\u00e1 uma tend\u00eancia para op\u00e7\u00f5es menos invasivas, dependendo do quadro.<\/p>\n<p>\u201cPara lidar com os sintomas, temos medicamentos novos e seguros\u201d, comemora Mendes Pinto. \u201cE, para liquidar as veias varicosas, recorremos a tratamentos como o laser e a espuma, entre outros\u201d, completa.<\/p>\n<p>S\u00f3 quando as veias defeituosas s\u00e3o grandes que a cirurgia de fato \u00e9 inevit\u00e1vel. Mas ela tamb\u00e9m \u00e9 bastante segura e eficaz.<\/p>\n<div id=\"facebookWidget\" data-aop=\"facebookWidget\" data-id=\"1024\" data-m=\"{\">\n<p><strong>CARIRI EM A\u00c7\u00c3O<\/strong><\/p>\n<p><em>Com Msn\/Foto: Msn<\/em><\/p>\n<p><strong>Leia mais not\u00edcias em\u00a0<\/strong><a href=\"http:\/\/www.caririemacao.com\/\"><strong>caririemacao.com<\/strong><\/a><strong>, siga nossa p\u00e1gina no\u00a0<\/strong><a href=\"https:\/\/www.facebook.com\/CaririEmAcao\/?ref=aymt_homepage_panel\"><strong>Facebook<\/strong><\/a>,<strong>\u00a0<\/strong><a href=\"https:\/\/www.instagram.com\/cariri_em_acao\/?hl=pt-br\"><strong>Instagram<\/strong><\/a><strong>\u00a0e\u00a0<\/strong><a href=\"https:\/\/www.youtube.com\/channel\/UCAptA0jQuYQy8vMhLt2m4qg\"><strong>Youtube<\/strong><\/a><strong>\u00a0e veja nossas mat\u00e9rias, v\u00eddeos e fotos. Voc\u00ea tamb\u00e9m pode enviar informa\u00e7\u00f5es \u00e0 Reda\u00e7\u00e3o do Portal Cariri em A\u00e7\u00e3o pelo WhatsApp (83) 9 9634.5791, (83) 9 9601-1162.<\/strong><\/p>\n<\/div>\n","protected":false},"excerpt":{"rendered":"<p>As\u00a0varizes\u00a0n\u00e3o ganham destaque no ver\u00e3o s\u00f3 porque essa \u00e9 a esta\u00e7\u00e3o dos shorts, das saias e dos vestidos. O pr\u00f3prio calor pode agravar o quadro&hellip; <\/p>\n","protected":false},"author":2,"featured_media":40604,"comment_status":"closed","ping_status":"closed","sticky":false,"template":"","format":"standard","meta":{"sfsi_plus_gutenberg_text_before_share":"","sfsi_plus_gutenberg_show_text_before_share":"","sfsi_plus_gutenberg_icon_type":"","sfsi_plus_gutenberg_icon_alignemt":"","sfsi_plus_gutenburg_max_per_row":"","footnotes":""},"categories":[16],"tags":[],"class_list":["post-40601","post","type-post","status-publish","format-standard","has-post-thumbnail","hentry","category-saude"],"_links":{"self":[{"href":"https:\/\/www.caririemacao.com\/1\/wp-json\/wp\/v2\/posts\/40601","targetHints":{"allow":["GET"]}}],"collection":[{"href":"https:\/\/www.caririemacao.com\/1\/wp-json\/wp\/v2\/posts"}],"about":[{"href":"https:\/\/www.caririemacao.com\/1\/wp-json\/wp\/v2\/types\/post"}],"author":[{"embeddable":true,"href":"https:\/\/www.caririemacao.com\/1\/wp-json\/wp\/v2\/users\/2"}],"replies":[{"embeddable":true,"href":"https:\/\/www.caririemacao.com\/1\/wp-json\/wp\/v2\/comments?post=40601"}],"version-history":[{"count":0,"href":"https:\/\/www.caririemacao.com\/1\/wp-json\/wp\/v2\/posts\/40601\/revisions"}],"wp:featuredmedia":[{"embeddable":true,"href":"https:\/\/www.caririemacao.com\/1\/wp-json\/wp\/v2\/media\/40604"}],"wp:attachment":[{"href":"https:\/\/www.caririemacao.com\/1\/wp-json\/wp\/v2\/media?parent=40601"}],"wp:term":[{"taxonomy":"category","embeddable":true,"href":"https:\/\/www.caririemacao.com\/1\/wp-json\/wp\/v2\/categories?post=40601"},{"taxonomy":"post_tag","embeddable":true,"href":"https:\/\/www.caririemacao.com\/1\/wp-json\/wp\/v2\/tags?post=40601"}],"curies":[{"name":"wp","href":"https:\/\/api.w.org\/{rel}","templated":true}]}}