{"id":40617,"date":"2018-02-11T10:35:45","date_gmt":"2018-02-11T13:35:45","guid":{"rendered":"http:\/\/caririemacao.com\/1\/?p=40617"},"modified":"2018-02-11T10:36:17","modified_gmt":"2018-02-11T13:36:17","slug":"sai-a-primeira-chamada-da-lista-de-espera-para-os-cursos-da-ufcg","status":"publish","type":"post","link":"https:\/\/www.caririemacao.com\/1\/2018\/02\/11\/sai-a-primeira-chamada-da-lista-de-espera-para-os-cursos-da-ufcg\/","title":{"rendered":"Sai a primeira chamada da lista de espera para os cursos da UFCG"},"content":{"rendered":"<p>Foi publicada na tarde desta sexta-feira, dia 9, a primeira\u00a0chamada da Universidade Federal de Campina Grande (UFCG), convocando os candidatos da lista de espera para o preenchimento de vagas remanescentes da chamada regular do SiSU 2018.1. No total, est\u00e3o sendo convocados 1.748 candidatos.<\/p>\n<p>Veja\u00a0<a href=\"http:\/\/apps.sti.ufcg.edu.br\/chamadas-sisu\/2018-1\/1\/\" target=\"_blank\" rel=\"noopener noreferrer\" data-saferedirecturl=\"https:\/\/www.google.com\/url?hl=pt-BR&amp;q=http:\/\/apps.sti.ufcg.edu.br\/chamadas-sisu\/2018-1\/1\/&amp;source=gmail&amp;ust=1518295677499000&amp;usg=AFQjCNEfRmFHD6RLoKVAplpGtnI-m_1h1Q\">aqui<\/a>\u00a0a primeira chamada.<\/p>\n<p><b>Cadastramento<\/b><\/p>\n<p>Os convocados devem ficar atentos \u00e0s datas e aos locais de cadastramento: pr\u00f3ximas<span class=\"m_2253501493996153281apple-converted-space\">\u00a0<\/span><span class=\"m_2253501493996153281object\">quinta<\/span><span class=\"m_2253501493996153281apple-converted-space\">\u00a0<\/span>e<span class=\"m_2253501493996153281apple-converted-space\">\u00a0<\/span><span class=\"m_2253501493996153281object\">sexta<\/span>-feira, 15 e<span class=\"m_2253501493996153281apple-converted-space\">\u00a0<\/span><span class=\"m_2253501493996153281object\">16 de fevereiro<\/span>, das 8h \u00e0s 11h e das 14h \u00e0s 17h, na coordena\u00e7\u00e3o do curso para qual o estudante foi<span class=\"m_2253501493996153281apple-converted-space\">\u00a0<\/span>classificado.\u00a0O procedimento \u00e9 obrigat\u00f3rio para garantir a vaga na UFCG e dever\u00e1 ser feito presencialmente pelo candidato ou por procurador legalmente constitu\u00eddo para esse fim.<\/p>\n<p>Na terminologia oficial da UFCG, cadastramento e matr\u00edcula s\u00e3o procedimentos diferentes. O cadastramento \u00e9 o procedimento por meio do qual o candidato aprovado se torna aluno da UFCG. J\u00e1 a matr\u00edcula \u00e9 o procedimento por meio do qual o aluno define as disciplinas que ir\u00e1 cursar em cada per\u00edodo letivo.<\/p>\n<p><b>Matr\u00edcula<\/b><\/p>\n<p>A matr\u00edcula em disciplinas dos alunos ingressantes tamb\u00e9m \u00e9 obrigat\u00f3ria e dever\u00e1 ser realizada no dia 3 de abril, na coordena\u00e7\u00e3o do curso para o qual foi selecionado. As aulas do Per\u00edodo 2018.1<span class=\"m_2253501493996153281apple-converted-space\">\u00a0<\/span><span class=\"m_2253501493996153281object\">ter<\/span>\u00e3o in\u00edcio\u00a0no dia\u00a0<span class=\"m_2253501493996153281object\">9 de abril<\/span>.<\/p>\n<p><b>Chamadas<\/b><\/p>\n<p>Est\u00e3o previstas at\u00e9 oito chamadas para os inscritos na lista de espera para cursos da UFCG, conforme a exist\u00eancia de vagas. Cada uma delas respeitar\u00e1 a classifica\u00e7\u00e3o para vagas de ampla concorr\u00eancia e as reservadas para cotas. A segunda chamada ser\u00e1 divulgada no dia\u00a0<span class=\"m_2253501493996153281object\">19 de fevereiro.<\/span><\/p>\n<p>Confira aqui o<span class=\"m_2253501493996153281apple-converted-space\">\u00a0<\/span><span class=\"m_2253501493996153281object\"><a href=\"http:\/\/comprov.ufcg.edu.br\/files\/Vestibulares\/2018\/2018.1\/legislacao\/Edital%20SiSU%202018.1_UFCG_CORRIGIDO%20(18-01-2018).pdf\" target=\"_blank\" rel=\"noopener noreferrer\" data-saferedirecturl=\"https:\/\/www.google.com\/url?hl=pt-BR&amp;q=http:\/\/comprov.ufcg.edu.br\/files\/Vestibulares\/2018\/2018.1\/legislacao\/Edital%2520SiSU%25202018.1_UFCG_CORRIGIDO%2520(18-01-2018).pdf&amp;source=gmail&amp;ust=1518295677499000&amp;usg=AFQjCNFWMKbJUnLJDmbO6u-liCms2-i-IQ\">edital<\/a>\u00a0completo, com todas as datas e a documenta\u00e7\u00e3o necess\u00e1ria<\/span>.<\/p>\n<p>&nbsp;<\/p>\n<p><strong>CARIRI EM A\u00c7\u00c3O<\/strong><\/p>\n<p><em>ComAscom UFCG\/Foto: Reprodu\u00e7\u00e3o Internet<\/em><\/p>\n<p><strong>Leia mais not\u00edcias em\u00a0<\/strong><a href=\"http:\/\/www.caririemacao.com\/\"><strong>caririemacao.com<\/strong><\/a><strong>, siga nossa p\u00e1gina no\u00a0<\/strong><a href=\"https:\/\/www.facebook.com\/CaririEmAcao\/?ref=aymt_homepage_panel\"><strong>Facebook<\/strong><\/a>,<strong>\u00a0<\/strong><a href=\"https:\/\/www.instagram.com\/cariri_em_acao\/?hl=pt-br\"><strong>Instagram<\/strong><\/a><strong>\u00a0e <\/strong><a href=\"https:\/\/www.youtube.com\/channel\/UCAptA0jQuYQy8vMhLt2m4qg\"><strong>Youtube<\/strong><\/a><strong>\u00a0e veja nossas mat\u00e9rias, v\u00eddeos e fotos. Voc\u00ea tamb\u00e9m pode enviar informa\u00e7\u00f5es \u00e0 Reda\u00e7\u00e3o do Portal Cariri em A\u00e7\u00e3o pelo WhatsApp (83) 9 9634.5791, (83) 9 9601-1162.<\/strong><\/p>\n","protected":false},"excerpt":{"rendered":"<p>Foi publicada na tarde desta sexta-feira, dia 9, a primeira\u00a0chamada da Universidade Federal de Campina Grande (UFCG), convocando os candidatos da lista de espera para&hellip; <\/p>\n","protected":false},"author":2,"featured_media":13230,"comment_status":"closed","ping_status":"closed","sticky":false,"template":"","format":"standard","meta":{"sfsi_plus_gutenberg_text_before_share":"","sfsi_plus_gutenberg_show_text_before_share":"","sfsi_plus_gutenberg_icon_type":"","sfsi_plus_gutenberg_icon_alignemt":"","sfsi_plus_gutenburg_max_per_row":"","footnotes":""},"categories":[14],"tags":[],"class_list":["post-40617","post","type-post","status-publish","format-standard","has-post-thumbnail","hentry","category-educacao"],"_links":{"self":[{"href":"https:\/\/www.caririemacao.com\/1\/wp-json\/wp\/v2\/posts\/40617","targetHints":{"allow":["GET"]}}],"collection":[{"href":"https:\/\/www.caririemacao.com\/1\/wp-json\/wp\/v2\/posts"}],"about":[{"href":"https:\/\/www.caririemacao.com\/1\/wp-json\/wp\/v2\/types\/post"}],"author":[{"embeddable":true,"href":"https:\/\/www.caririemacao.com\/1\/wp-json\/wp\/v2\/users\/2"}],"replies":[{"embeddable":true,"href":"https:\/\/www.caririemacao.com\/1\/wp-json\/wp\/v2\/comments?post=40617"}],"version-history":[{"count":0,"href":"https:\/\/www.caririemacao.com\/1\/wp-json\/wp\/v2\/posts\/40617\/revisions"}],"wp:featuredmedia":[{"embeddable":true,"href":"https:\/\/www.caririemacao.com\/1\/wp-json\/wp\/v2\/media\/13230"}],"wp:attachment":[{"href":"https:\/\/www.caririemacao.com\/1\/wp-json\/wp\/v2\/media?parent=40617"}],"wp:term":[{"taxonomy":"category","embeddable":true,"href":"https:\/\/www.caririemacao.com\/1\/wp-json\/wp\/v2\/categories?post=40617"},{"taxonomy":"post_tag","embeddable":true,"href":"https:\/\/www.caririemacao.com\/1\/wp-json\/wp\/v2\/tags?post=40617"}],"curies":[{"name":"wp","href":"https:\/\/api.w.org\/{rel}","templated":true}]}}