{"id":40629,"date":"2018-02-11T19:56:37","date_gmt":"2018-02-11T22:56:37","guid":{"rendered":"http:\/\/caririemacao.com\/1\/?p=40629"},"modified":"2018-02-11T19:56:37","modified_gmt":"2018-02-11T22:56:37","slug":"concursos-abertos-oferecem-mais-de-770-vagas-de-emprego-na-paraiba","status":"publish","type":"post","link":"https:\/\/www.caririemacao.com\/1\/2018\/02\/11\/concursos-abertos-oferecem-mais-de-770-vagas-de-emprego-na-paraiba\/","title":{"rendered":"Concursos abertos oferecem mais de 770 vagas de emprego na Para\u00edba"},"content":{"rendered":"<p>Pelo menos tr\u00eas concursos p\u00fablicos e sele\u00e7\u00f5es na Para\u00edba oferecem mais de 770 vagas de emprego. H\u00e1 vagas em Jo\u00e3o Pessoa, S\u00e3o Jos\u00e9 dos Ramos e Riach\u00e3o.<\/p>\n<p>Concurso da prefeitura de S\u00e3o Jos\u00e9 dos Ramos<\/p>\n<div class=\"mc-column content-text active-extra-styles \" data-block-type=\"unstyled\" data-block-weight=\"60\" data-block-id=\"4\">\n<p class=\"content-text__container \" data-track-category=\"Link no Texto\" data-track-links=\"\">O\u00a0concurso da Prefeitura de S\u00e3o Jos\u00e9 dos Ramos, na Mata paraibana, inscreve para 143 vagas de emprego\u00a0em cargos em todos os n\u00edveis de escolaridade e sal\u00e1rios que variam de R$ 937 a R$ 10 mil. De acordo com o edital do concurso da prefeitura de S\u00e3o Jos\u00e9 dos Ramos, as inscri\u00e7\u00f5es v\u00e3o at\u00e9 o dia 23 de fevereiro.<\/p>\n<p class=\"content-text__container \" data-track-category=\"Link no Texto\" data-track-links=\"\">Concurso da sa\u00fade de Jo\u00e3o Pessoa<\/p>\n<\/div>\n<div class=\"mc-column content-text active-extra-styles \" data-block-type=\"unstyled\" data-block-weight=\"63\" data-block-id=\"8\">\n<p class=\"content-text__container \" data-track-category=\"Link no Texto\" data-track-links=\"\">Est\u00e3o abertas as inscri\u00e7\u00f5es para o\u00a0concurso da \u00e1rea da sa\u00fade da Prefeitura de Jo\u00e3o Pessoa, com 587 vagas\u00a0para as Unidades de Pronto Atendimento (UPAs) dos Banc\u00e1rios e Augusto Almeida Filho, em Cruz das Armas, e para o Servi\u00e7o de Atendimento M\u00f3vel de Urg\u00eancia (Samu). As inscri\u00e7\u00f5es acontecem apenas via internet, no\u00a0site da organizadora, o Instituto AOCP, at\u00e9 16 de mar\u00e7o.<\/p>\n<p class=\"content-text__container \" data-track-category=\"Link no Texto\" data-track-links=\"\">Concurso da Prefeitura de Riach\u00e3o<\/p>\n<\/div>\n<div class=\"mc-column content-text active-extra-styles \" data-block-type=\"unstyled\" data-block-weight=\"77\" data-block-id=\"12\">\n<p class=\"content-text__container \" data-track-category=\"Link no Texto\" data-track-links=\"\">Tamb\u00e9m est\u00e3o abertas as inscri\u00e7\u00f5es para o\u00a0concurso p\u00fablico da Prefeitura do Riach\u00e3o. A sele\u00e7\u00e3o oferece mais de 40 vagas.\u00a0De acordo com o edital, os sal\u00e1rios oferecidos variam de R$ 937 a R$ 5.000, com oportunidades para candidatos com escolaridade do n\u00edvel fundamental ao n\u00edvel superior. As inscri\u00e7\u00f5es v\u00e3o at\u00e9 2 de mar\u00e7o, de segunda a sexta feira, das 8h \u00e0s 12h, na sede da Prefeitura do Riach\u00e3o ou pela internet, no site da organizadora Facet.<\/p>\n<p><strong>CARIRI EM A\u00c7\u00c3O<\/strong><\/p>\n<p><em>Com <\/em>G1<em>\u00a0\/Foto: G1<\/em><\/p>\n<p><strong>Leia mais not\u00edcias em\u00a0<\/strong><a href=\"http:\/\/www.caririemacao.com\/\"><strong>caririemacao.com<\/strong><\/a><strong>, siga nossa p\u00e1gina no\u00a0<\/strong><a href=\"https:\/\/www.facebook.com\/CaririEmAcao\/?ref=aymt_homepage_panel\"><strong>Facebook<\/strong><\/a>,<strong>\u00a0<\/strong><a href=\"https:\/\/www.instagram.com\/cariri_em_acao\/?hl=pt-br\"><strong>Instagram<\/strong><\/a><strong>\u00a0e\u00a0<\/strong><a href=\"https:\/\/www.youtube.com\/channel\/UCAptA0jQuYQy8vMhLt2m4qg\"><strong>Youtube<\/strong><\/a><strong>\u00a0e veja nossas mat\u00e9rias, v\u00eddeos e fotos. Voc\u00ea tamb\u00e9m pode enviar informa\u00e7\u00f5es \u00e0 Reda\u00e7\u00e3o do Portal Cariri em A\u00e7\u00e3o pelo WhatsApp (83) 9 9634.5791, (83) 9 9601-1162.<\/strong><\/p>\n<\/div>\n","protected":false},"excerpt":{"rendered":"<p>Pelo menos tr\u00eas concursos p\u00fablicos e sele\u00e7\u00f5es na Para\u00edba oferecem mais de 770 vagas de emprego. H\u00e1 vagas em Jo\u00e3o Pessoa, S\u00e3o Jos\u00e9 dos Ramos&hellip; <\/p>\n","protected":false},"author":2,"featured_media":39464,"comment_status":"closed","ping_status":"closed","sticky":false,"template":"","format":"standard","meta":{"sfsi_plus_gutenberg_text_before_share":"","sfsi_plus_gutenberg_show_text_before_share":"","sfsi_plus_gutenberg_icon_type":"","sfsi_plus_gutenberg_icon_alignemt":"","sfsi_plus_gutenburg_max_per_row":"","footnotes":""},"categories":[14],"tags":[],"class_list":["post-40629","post","type-post","status-publish","format-standard","has-post-thumbnail","hentry","category-educacao"],"_links":{"self":[{"href":"https:\/\/www.caririemacao.com\/1\/wp-json\/wp\/v2\/posts\/40629","targetHints":{"allow":["GET"]}}],"collection":[{"href":"https:\/\/www.caririemacao.com\/1\/wp-json\/wp\/v2\/posts"}],"about":[{"href":"https:\/\/www.caririemacao.com\/1\/wp-json\/wp\/v2\/types\/post"}],"author":[{"embeddable":true,"href":"https:\/\/www.caririemacao.com\/1\/wp-json\/wp\/v2\/users\/2"}],"replies":[{"embeddable":true,"href":"https:\/\/www.caririemacao.com\/1\/wp-json\/wp\/v2\/comments?post=40629"}],"version-history":[{"count":0,"href":"https:\/\/www.caririemacao.com\/1\/wp-json\/wp\/v2\/posts\/40629\/revisions"}],"wp:featuredmedia":[{"embeddable":true,"href":"https:\/\/www.caririemacao.com\/1\/wp-json\/wp\/v2\/media\/39464"}],"wp:attachment":[{"href":"https:\/\/www.caririemacao.com\/1\/wp-json\/wp\/v2\/media?parent=40629"}],"wp:term":[{"taxonomy":"category","embeddable":true,"href":"https:\/\/www.caririemacao.com\/1\/wp-json\/wp\/v2\/categories?post=40629"},{"taxonomy":"post_tag","embeddable":true,"href":"https:\/\/www.caririemacao.com\/1\/wp-json\/wp\/v2\/tags?post=40629"}],"curies":[{"name":"wp","href":"https:\/\/api.w.org\/{rel}","templated":true}]}}