{"id":40634,"date":"2018-02-11T20:36:10","date_gmt":"2018-02-11T23:36:10","guid":{"rendered":"http:\/\/caririemacao.com\/1\/?p=40634"},"modified":"2018-02-11T20:36:10","modified_gmt":"2018-02-11T23:36:10","slug":"fiep-sedia-reuniao-da-rede-de-inovacao-da-paraiba","status":"publish","type":"post","link":"https:\/\/www.caririemacao.com\/1\/2018\/02\/11\/fiep-sedia-reuniao-da-rede-de-inovacao-da-paraiba\/","title":{"rendered":"Fiep sedia reuni\u00e3o da Rede de Inova\u00e7\u00e3o da Para\u00edba"},"content":{"rendered":"<p>A Federa\u00e7\u00e3o das Ind\u00fastrias do Estado da Para\u00edba (Fiep) foi o palco de uma importante reuni\u00e3o que marcou a passagem da dire\u00e7\u00e3o da Rede de Inova\u00e7\u00e3o da Para\u00edba (RIPB), sob o comando do professor UFPB, Dr. Petr\u00f4nio Athayde Filho. O novo coordenador \u00e9 o tamb\u00e9m professor da UFCG, Nilton Silva, lotado na Unidade Qu\u00edmica (UAEq-CCT\/UFCG).<\/p>\n<p>A Rede de Inova\u00e7\u00e3o da Para\u00edba foi criada em 2015, com o objetivo em desenvolver a\u00e7\u00f5es conjuntas envolvendo assuntos relacionados \u00e0 inova\u00e7\u00e3o e transfer\u00eancia da propriedade intelectual da Para\u00edba, considerando o crescimento econ\u00f4mico e social e o desenvolvimento sustent\u00e1vel do Estado.<\/p>\n<p>Participam dela institui\u00e7\u00f5es de ensino, pesquisa e entidades do governo com interesse na \u00e1rea econ\u00f4mica e de inova\u00e7\u00e3o, tais como o sistema Ind\u00fastria por meio do SENAI\/PB e do IEL\/PB, a Universidade Estadual da Para\u00edba (UEPB), Universidade Federal da Para\u00edba (UFPB), o Instituto Federal da Para\u00edba (IFPB), a Universidade Federal de Campina Grande (UFCG), o Instituto Nacional de Propriedade Industrial (INPI-PB), a Funda\u00e7\u00e3o Parque Tecnol\u00f3gico da Para\u00edba (PaqTcPB), a Faculdade Mauricio de Nassau (UNINASSAU), entre outras.<\/p>\n<p>De acordo com o gerente de atividades finalistas do Senai\/PB, Wagner Porto, V\u00e1rias empresas da regi\u00e3o est\u00e3o sendo apoiadas e algumas contempladas com recursos nacionais com investimentos em inova\u00e7\u00e3o.<\/p>\n<p>\u201cNo caso do SENAI este apoio as empresas tem se dado por meio dos tr\u00eas Institutos Senai de Tecnologia atuando nas \u00e1reas do Couro e Cal\u00e7ado, Automa\u00e7\u00e3o Industrial e T\u00eaxtil e Confec\u00e7\u00e3o. Al\u00e9m de darmos apoio tamb\u00e9m por meio das nossas Unidades Operacionais nas \u00e1reas de Constru\u00e7\u00e3o Civil, Efici\u00eancia Energ\u00e9tica, Alimentos e Bebidas\u201d declarou.<\/p>\n<p>Al\u00e9m das mudan\u00e7as na organiza\u00e7\u00e3o da Rede de Inova\u00e7\u00e3o da Para\u00edba, a reuni\u00e3o ocorrida na Fiep tamb\u00e9m teve por pauta definir uma agenda de trabalho para o ano de 2018, com vistas a fortalecer e dar continuidade as a\u00e7\u00f5es executadas por aquela institui\u00e7\u00e3o.<\/p>\n<p><strong>CARIRI EM A\u00c7\u00c3O<\/strong><\/p>\n<p><em>Com\u00a0Ascom<\/em><em>\u00a0\/Foto:\u00a0Ascom<\/em><\/p>\n<p><strong>Leia mais not\u00edcias em\u00a0<\/strong><a href=\"http:\/\/www.caririemacao.com\/\"><strong>caririemacao.com<\/strong><\/a><strong>, siga nossa p\u00e1gina no\u00a0<\/strong><a href=\"https:\/\/www.facebook.com\/CaririEmAcao\/?ref=aymt_homepage_panel\"><strong>Facebook<\/strong><\/a>,<strong>\u00a0<\/strong><a href=\"https:\/\/www.instagram.com\/cariri_em_acao\/?hl=pt-br\"><strong>Instagram<\/strong><\/a><strong>\u00a0e\u00a0<\/strong><a href=\"https:\/\/www.youtube.com\/channel\/UCAptA0jQuYQy8vMhLt2m4qg\"><strong>Youtube<\/strong><\/a><strong>\u00a0e veja nossas mat\u00e9rias, v\u00eddeos e fotos. Voc\u00ea tamb\u00e9m pode enviar informa\u00e7\u00f5es \u00e0 Reda\u00e7\u00e3o do Portal Cariri em A\u00e7\u00e3o pelo WhatsApp (83) 9 9634.5791, (83) 9 9601-1162.<\/strong><\/p>\n","protected":false},"excerpt":{"rendered":"<p>A Federa\u00e7\u00e3o das Ind\u00fastrias do Estado da Para\u00edba (Fiep) foi o palco de uma importante reuni\u00e3o que marcou a passagem da dire\u00e7\u00e3o da Rede de&hellip; <\/p>\n","protected":false},"author":2,"featured_media":40636,"comment_status":"closed","ping_status":"closed","sticky":false,"template":"","format":"standard","meta":{"sfsi_plus_gutenberg_text_before_share":"","sfsi_plus_gutenberg_show_text_before_share":"","sfsi_plus_gutenberg_icon_type":"","sfsi_plus_gutenberg_icon_alignemt":"","sfsi_plus_gutenburg_max_per_row":"","footnotes":""},"categories":[14],"tags":[],"class_list":["post-40634","post","type-post","status-publish","format-standard","has-post-thumbnail","hentry","category-educacao"],"_links":{"self":[{"href":"https:\/\/www.caririemacao.com\/1\/wp-json\/wp\/v2\/posts\/40634","targetHints":{"allow":["GET"]}}],"collection":[{"href":"https:\/\/www.caririemacao.com\/1\/wp-json\/wp\/v2\/posts"}],"about":[{"href":"https:\/\/www.caririemacao.com\/1\/wp-json\/wp\/v2\/types\/post"}],"author":[{"embeddable":true,"href":"https:\/\/www.caririemacao.com\/1\/wp-json\/wp\/v2\/users\/2"}],"replies":[{"embeddable":true,"href":"https:\/\/www.caririemacao.com\/1\/wp-json\/wp\/v2\/comments?post=40634"}],"version-history":[{"count":0,"href":"https:\/\/www.caririemacao.com\/1\/wp-json\/wp\/v2\/posts\/40634\/revisions"}],"wp:featuredmedia":[{"embeddable":true,"href":"https:\/\/www.caririemacao.com\/1\/wp-json\/wp\/v2\/media\/40636"}],"wp:attachment":[{"href":"https:\/\/www.caririemacao.com\/1\/wp-json\/wp\/v2\/media?parent=40634"}],"wp:term":[{"taxonomy":"category","embeddable":true,"href":"https:\/\/www.caririemacao.com\/1\/wp-json\/wp\/v2\/categories?post=40634"},{"taxonomy":"post_tag","embeddable":true,"href":"https:\/\/www.caririemacao.com\/1\/wp-json\/wp\/v2\/tags?post=40634"}],"curies":[{"name":"wp","href":"https:\/\/api.w.org\/{rel}","templated":true}]}}