{"id":40638,"date":"2018-02-11T20:41:15","date_gmt":"2018-02-11T23:41:15","guid":{"rendered":"http:\/\/caririemacao.com\/1\/?p=40638"},"modified":"2018-02-11T20:41:15","modified_gmt":"2018-02-11T23:41:15","slug":"acidente-de-moto-mata-irmao-de-radialista-sousense","status":"publish","type":"post","link":"https:\/\/www.caririemacao.com\/1\/2018\/02\/11\/acidente-de-moto-mata-irmao-de-radialista-sousense\/","title":{"rendered":"Acidente de Moto mata Irm\u00e3o de Radialista Sousense"},"content":{"rendered":"<p>O acidente ocorreu por volta das 23h30min deste s\u00e1bado 10 de janeiro de 2018 na BR 304 sentido Bairro Nova Mossor\u00f3, nas proximidades da Jodiesel no Bairro Reden\u00e7\u00e3o em Mossor\u00f3 no Oeste do Rio Grande do Norte.<\/p>\n<p>De acordo com informa\u00e7\u00f5es da Pol\u00edcia Rodovi\u00e1ria Federal, um casal ocupando uma moto Yamaha XTZ 250 Tenere de cor cinza trafegava sentido Bairro Nova Mossor\u00f3, quando colidiu com um cavalo que estava na pista de rolamento em um trecho bastante escuro da rodovia.<\/p>\n<p>O condutor da motocicleta, que segunda a PRF era gerente da empresa Le Biscui, Idelson Barbosa Lopes, 33 anos de idade morreu local. A esposa dele nada sofreu. O cavalo causador do acidente, ap\u00f3s a colis\u00e3o se levantou e entrou no matagal.<\/p>\n<p>O corpo da v\u00edtima foi recolhido pela equipe do ITEP e encaminhado para o setor de Medicina Legal, onde ser\u00e1 necropsiado e depois liberado para vel\u00f3rio e enterro.<\/p>\n<p>A moto foi conduzida ao P\u00e1tio da Pol\u00edcia Rodovi\u00e1ria Federal para os devidos procedimentos e depois ser\u00e1 devolvida aos familiares da v\u00edtima.<\/p>\n<p>Idelson Barbosa Lopes era irm\u00e3o da Radialista sousense Ivoneide Lopes que trabalha na R\u00e1dio L\u00edder FM.<\/p>\n<p><strong>CARIRI EM A\u00c7\u00c3O<\/strong><\/p>\n<p><em>Com\u00a0Rep\u00f3rter PB<\/em><em>\u00a0<\/em><\/p>\n<p><strong>Leia mais not\u00edcias em\u00a0<\/strong><a href=\"http:\/\/www.caririemacao.com\/\"><strong>caririemacao.com<\/strong><\/a><strong>, siga nossa p\u00e1gina no\u00a0<\/strong><a href=\"https:\/\/www.facebook.com\/CaririEmAcao\/?ref=aymt_homepage_panel\"><strong>Facebook<\/strong><\/a>,<strong>\u00a0<\/strong><a href=\"https:\/\/www.instagram.com\/cariri_em_acao\/?hl=pt-br\"><strong>Instagram<\/strong><\/a><strong>\u00a0e\u00a0<\/strong><a href=\"https:\/\/www.youtube.com\/channel\/UCAptA0jQuYQy8vMhLt2m4qg\"><strong>Youtube<\/strong><\/a><strong>\u00a0e veja nossas mat\u00e9rias, v\u00eddeos e fotos. Voc\u00ea tamb\u00e9m pode enviar informa\u00e7\u00f5es \u00e0 Reda\u00e7\u00e3o do Portal Cariri em A\u00e7\u00e3o pelo WhatsApp (83) 9 9634.5791, (83) 9 9601-1162.<\/strong><\/p>\n","protected":false},"excerpt":{"rendered":"<p>O acidente ocorreu por volta das 23h30min deste s\u00e1bado 10 de janeiro de 2018 na BR 304 sentido Bairro Nova Mossor\u00f3, nas proximidades da Jodiesel&hellip; <\/p>\n","protected":false},"author":2,"featured_media":40263,"comment_status":"closed","ping_status":"closed","sticky":false,"template":"","format":"standard","meta":{"sfsi_plus_gutenberg_text_before_share":"","sfsi_plus_gutenberg_show_text_before_share":"","sfsi_plus_gutenberg_icon_type":"","sfsi_plus_gutenberg_icon_alignemt":"","sfsi_plus_gutenburg_max_per_row":"","footnotes":""},"categories":[12],"tags":[],"class_list":["post-40638","post","type-post","status-publish","format-standard","has-post-thumbnail","hentry","category-policia"],"_links":{"self":[{"href":"https:\/\/www.caririemacao.com\/1\/wp-json\/wp\/v2\/posts\/40638","targetHints":{"allow":["GET"]}}],"collection":[{"href":"https:\/\/www.caririemacao.com\/1\/wp-json\/wp\/v2\/posts"}],"about":[{"href":"https:\/\/www.caririemacao.com\/1\/wp-json\/wp\/v2\/types\/post"}],"author":[{"embeddable":true,"href":"https:\/\/www.caririemacao.com\/1\/wp-json\/wp\/v2\/users\/2"}],"replies":[{"embeddable":true,"href":"https:\/\/www.caririemacao.com\/1\/wp-json\/wp\/v2\/comments?post=40638"}],"version-history":[{"count":0,"href":"https:\/\/www.caririemacao.com\/1\/wp-json\/wp\/v2\/posts\/40638\/revisions"}],"wp:featuredmedia":[{"embeddable":true,"href":"https:\/\/www.caririemacao.com\/1\/wp-json\/wp\/v2\/media\/40263"}],"wp:attachment":[{"href":"https:\/\/www.caririemacao.com\/1\/wp-json\/wp\/v2\/media?parent=40638"}],"wp:term":[{"taxonomy":"category","embeddable":true,"href":"https:\/\/www.caririemacao.com\/1\/wp-json\/wp\/v2\/categories?post=40638"},{"taxonomy":"post_tag","embeddable":true,"href":"https:\/\/www.caririemacao.com\/1\/wp-json\/wp\/v2\/tags?post=40638"}],"curies":[{"name":"wp","href":"https:\/\/api.w.org\/{rel}","templated":true}]}}