{"id":40641,"date":"2018-02-11T22:17:19","date_gmt":"2018-02-12T01:17:19","guid":{"rendered":"http:\/\/caririemacao.com\/1\/?p=40641"},"modified":"2018-02-11T23:37:46","modified_gmt":"2018-02-12T02:37:46","slug":"homem-e-assassinado-e-2-mulheres-ficaram-feridas-em-bar-na-cidade-de-taperoa","status":"publish","type":"post","link":"https:\/\/www.caririemacao.com\/1\/2018\/02\/11\/homem-e-assassinado-e-2-mulheres-ficaram-feridas-em-bar-na-cidade-de-taperoa\/","title":{"rendered":"Homem \u00e9 assassinado e duas mulheres ficaram feridas em bar na cidade de Tapero\u00e1"},"content":{"rendered":"<p>Um ex-presidi\u00e1rio, identificado como Adriano Hor\u00e1cio Gomes, 36 anos, mais conhecido como Galego de Tinda, \u00a0foi assassinado a tiros por volta das 20h50 deste domingo de carnaval (11) em um bar, localizado no conjunto Marcos Vicente.<\/p>\n<p>Al\u00e9m dele, duas mulheres tamb\u00e9m ficaram feridas na a\u00e7\u00e3o.<\/p>\n<p>De acordo com as primeiras informa\u00e7\u00f5es recebidas, o homem estava bebendo no momento em que foi atingido pelas costas e faleceu no local.<\/p>\n<p>O criminoso fugiu sem ser identificado ap\u00f3s praticar o crime.<\/p>\n<p>O SAMU foi acionado e socorreu as duas mulheres, que foram atingidas de rasp\u00e3o pelos disparos, mas est\u00e3o fora de perigo.<\/p>\n<p>A Pol\u00edcia Militar (PM) est\u00e1 no local para preservar a cena do crime e colher as maiores informa\u00e7\u00f5es.<\/p>\n<p><strong>CARIRI EM A\u00c7\u00c3O<\/strong><\/p>\n<p>Com Heleno Lima<\/p>\n<p>Leia mais not\u00edcias em\u00a0<a href=\"http:\/\/www.caririemacao.com\/\">caririemacao.com<\/a>, siga nossa p\u00e1gina no\u00a0<a href=\"https:\/\/www.facebook.com\/CaririEmAcao\/?ref=aymt_homepage_panel\">Facebook<\/a>,\u00a0<a href=\"https:\/\/www.instagram.com\/cariri_em_acao\/?hl=pt-br\">Instagram<\/a>\u00a0e\u00a0<a href=\"https:\/\/www.youtube.com\/channel\/UCAptA0jQuYQy8vMhLt2m4qg\">Youtube<\/a>\u00a0e veja nossas mat\u00e9rias, v\u00eddeos e fotos. Voc\u00ea tamb\u00e9m pode enviar informa\u00e7\u00f5es \u00e0 Reda\u00e7\u00e3o do Portal Cariri em A\u00e7\u00e3o pelo WhatsApp (83) 9 9634.5791, (83) 9 9601-1162.<\/p>\n","protected":false},"excerpt":{"rendered":"<p>Um ex-presidi\u00e1rio, identificado como Adriano Hor\u00e1cio Gomes, 36 anos, mais conhecido como Galego de Tinda, \u00a0foi assassinado a tiros por volta das 20h50 deste domingo&hellip; <\/p>\n","protected":false},"author":2,"featured_media":22534,"comment_status":"closed","ping_status":"closed","sticky":false,"template":"","format":"standard","meta":{"sfsi_plus_gutenberg_text_before_share":"","sfsi_plus_gutenberg_show_text_before_share":"","sfsi_plus_gutenberg_icon_type":"","sfsi_plus_gutenberg_icon_alignemt":"","sfsi_plus_gutenburg_max_per_row":"","footnotes":""},"categories":[12],"tags":[],"class_list":["post-40641","post","type-post","status-publish","format-standard","has-post-thumbnail","hentry","category-policia"],"_links":{"self":[{"href":"https:\/\/www.caririemacao.com\/1\/wp-json\/wp\/v2\/posts\/40641","targetHints":{"allow":["GET"]}}],"collection":[{"href":"https:\/\/www.caririemacao.com\/1\/wp-json\/wp\/v2\/posts"}],"about":[{"href":"https:\/\/www.caririemacao.com\/1\/wp-json\/wp\/v2\/types\/post"}],"author":[{"embeddable":true,"href":"https:\/\/www.caririemacao.com\/1\/wp-json\/wp\/v2\/users\/2"}],"replies":[{"embeddable":true,"href":"https:\/\/www.caririemacao.com\/1\/wp-json\/wp\/v2\/comments?post=40641"}],"version-history":[{"count":0,"href":"https:\/\/www.caririemacao.com\/1\/wp-json\/wp\/v2\/posts\/40641\/revisions"}],"wp:featuredmedia":[{"embeddable":true,"href":"https:\/\/www.caririemacao.com\/1\/wp-json\/wp\/v2\/media\/22534"}],"wp:attachment":[{"href":"https:\/\/www.caririemacao.com\/1\/wp-json\/wp\/v2\/media?parent=40641"}],"wp:term":[{"taxonomy":"category","embeddable":true,"href":"https:\/\/www.caririemacao.com\/1\/wp-json\/wp\/v2\/categories?post=40641"},{"taxonomy":"post_tag","embeddable":true,"href":"https:\/\/www.caririemacao.com\/1\/wp-json\/wp\/v2\/tags?post=40641"}],"curies":[{"name":"wp","href":"https:\/\/api.w.org\/{rel}","templated":true}]}}