{"id":40650,"date":"2018-02-12T00:29:25","date_gmt":"2018-02-12T03:29:25","guid":{"rendered":"http:\/\/caririemacao.com\/1\/?p=40650"},"modified":"2018-02-12T10:13:34","modified_gmt":"2018-02-12T13:13:34","slug":"quase-20-mil-pessoas-prestigiam-abertura-do-carnaval-no-balneario-em-camalau","status":"publish","type":"post","link":"https:\/\/www.caririemacao.com\/1\/2018\/02\/12\/quase-20-mil-pessoas-prestigiam-abertura-do-carnaval-no-balneario-em-camalau\/","title":{"rendered":"Quase 20 mil pessoas prestigiam abertura do Carnaval no Balne\u00e1rio em Camala\u00fa"},"content":{"rendered":"<p>O primeiro dia de carnaval no Balne\u00e1rio de Camala\u00fa foi marcado pela presen\u00e7a de uma multid\u00e3o de pessoas de diversas cidades paraibanas e pernambucanas.<\/p>\n<p>Segundo os organizadores, aproximadamente vinte mil pessoas compareceram ao balne\u00e1rio que aproveitaram para curtir muito som e shows com Tinho WT e Forr\u00f3 Topado.<\/p>\n<p><a href=\"http:\/\/caririemacao.com\/1\/wp-content\/uploads\/2018\/02\/DomingoCarnaval.Camala\u00fa-2018-212.jpg\"><img fetchpriority=\"high\" decoding=\"async\" class=\"aligncenter size-full wp-image-40647\" src=\"http:\/\/caririemacao.com\/1\/wp-content\/uploads\/2018\/02\/DomingoCarnaval.Camala\u00fa-2018-212.jpg\" alt=\"\" width=\"800\" height=\"533\" srcset=\"https:\/\/www.caririemacao.com\/1\/wp-content\/uploads\/2018\/02\/DomingoCarnaval.Camala\u00fa-2018-212.jpg 800w, https:\/\/www.caririemacao.com\/1\/wp-content\/uploads\/2018\/02\/DomingoCarnaval.Camala\u00fa-2018-212-300x200.jpg 300w, https:\/\/www.caririemacao.com\/1\/wp-content\/uploads\/2018\/02\/DomingoCarnaval.Camala\u00fa-2018-212-768x512.jpg 768w\" sizes=\"(max-width: 800px) 100vw, 800px\" \/><\/a><\/p>\n<p>A primeira atra\u00e7\u00e3o a subir ao palco foi Tinho WT que levantou mais ainda o clima de carnaval dos foli\u00f5es.<\/p>\n<p><a href=\"http:\/\/caririemacao.com\/1\/wp-content\/uploads\/2018\/02\/DomingoCarnaval.Camala\u00fa-2018-308.jpg\"><img decoding=\"async\" class=\"aligncenter size-full wp-image-40648 lazyload\" data-src=\"http:\/\/caririemacao.com\/1\/wp-content\/uploads\/2018\/02\/DomingoCarnaval.Camala\u00fa-2018-308.jpg\" alt=\"\" width=\"800\" height=\"533\" data-srcset=\"https:\/\/www.caririemacao.com\/1\/wp-content\/uploads\/2018\/02\/DomingoCarnaval.Camala\u00fa-2018-308.jpg 800w, https:\/\/www.caririemacao.com\/1\/wp-content\/uploads\/2018\/02\/DomingoCarnaval.Camala\u00fa-2018-308-300x200.jpg 300w, https:\/\/www.caririemacao.com\/1\/wp-content\/uploads\/2018\/02\/DomingoCarnaval.Camala\u00fa-2018-308-768x512.jpg 768w\" data-sizes=\"(max-width: 800px) 100vw, 800px\" src=\"data:image\/svg+xml;base64,PHN2ZyB3aWR0aD0iMSIgaGVpZ2h0PSIxIiB4bWxucz0iaHR0cDovL3d3dy53My5vcmcvMjAwMC9zdmciPjwvc3ZnPg==\" style=\"--smush-placeholder-width: 800px; --smush-placeholder-aspect-ratio: 800\/533;\" \/><\/a><\/p>\n<p>Em seguida, foi a vez do vocalista Guilherme do Forr\u00f3 Topado a esquentar de vez a temperatura que j\u00e1 estava em plena anima\u00e7\u00e3o.<\/p>\n<p><a href=\"http:\/\/caririemacao.com\/1\/wp-content\/uploads\/2018\/02\/DomingoCarnaval.Camala\u00fa-2018-226-e1518398610542.jpg\"><img decoding=\"async\" class=\"aligncenter size-full wp-image-40646 lazyload\" data-src=\"http:\/\/caririemacao.com\/1\/wp-content\/uploads\/2018\/02\/DomingoCarnaval.Camala\u00fa-2018-226-e1518398610542.jpg\" alt=\"\" width=\"674\" height=\"520\" data-srcset=\"https:\/\/www.caririemacao.com\/1\/wp-content\/uploads\/2018\/02\/DomingoCarnaval.Camala\u00fa-2018-226-e1518398610542.jpg 674w, https:\/\/www.caririemacao.com\/1\/wp-content\/uploads\/2018\/02\/DomingoCarnaval.Camala\u00fa-2018-226-e1518398610542-300x231.jpg 300w\" data-sizes=\"(max-width: 674px) 100vw, 674px\" src=\"data:image\/svg+xml;base64,PHN2ZyB3aWR0aD0iMSIgaGVpZ2h0PSIxIiB4bWxucz0iaHR0cDovL3d3dy53My5vcmcvMjAwMC9zdmciPjwvc3ZnPg==\" style=\"--smush-placeholder-width: 674px; --smush-placeholder-aspect-ratio: 674\/520;\" \/><\/a><\/p>\n<p>Durante o domingo, o prefeito Sandro recebeu a visita do deputado federal, Pedro Cunha Lima, do deputado estadual, Jo\u00e3o Henrique, e da sua esposa e ex-prefeita de Monteiro, Edna Henrique.<\/p>\n<p>Vale destacar que o Carnaval de Camala\u00fa conta com um grande efetivo policial militar, seguran\u00e7as particulares e bombeiros militares que est\u00e3o dando todo apoio durante a programa\u00e7\u00e3o no Balne\u00e1rio e na Pra\u00e7a de Eventos.<\/p>\n<p><a href=\"http:\/\/caririemacao.com\/1\/wp-content\/uploads\/2018\/02\/page2.jpg\"><img decoding=\"async\" class=\"aligncenter size-full wp-image-40642 lazyload\" data-src=\"http:\/\/caririemacao.com\/1\/wp-content\/uploads\/2018\/02\/page2.jpg\" alt=\"\" width=\"600\" height=\"402\" data-srcset=\"https:\/\/www.caririemacao.com\/1\/wp-content\/uploads\/2018\/02\/page2.jpg 600w, https:\/\/www.caririemacao.com\/1\/wp-content\/uploads\/2018\/02\/page2-300x201.jpg 300w\" data-sizes=\"(max-width: 600px) 100vw, 600px\" src=\"data:image\/svg+xml;base64,PHN2ZyB3aWR0aD0iMSIgaGVpZ2h0PSIxIiB4bWxucz0iaHR0cDovL3d3dy53My5vcmcvMjAwMC9zdmciPjwvc3ZnPg==\" style=\"--smush-placeholder-width: 600px; --smush-placeholder-aspect-ratio: 600\/402;\" \/><\/a><\/p>\n<p>A programa\u00e7\u00e3o continua durante a noite com o desfile das virgens de Camala\u00fa.<\/p>\n<p><a href=\"https:\/\/www.facebook.com\/302749469861083\/photos\/?tab=album&amp;album_id=1181320075337347\">VEJA TODAS AS FOTOS DESTE DOMINGO (11) &#8211; Parte 01<\/a><\/p>\n<p><a href=\"https:\/\/www.facebook.com\/pg\/CaririEmAcao\/photos\/?tab=album&amp;album_id=1181402765329078\">VEJA TODAS AS FOTOS DESTE DOMINGO (11) &#8211; Parte 02<\/a><\/p>\n<p>Confira abaixo a programa\u00e7\u00e3o:<\/p>\n<p><strong>Segunda (Balne\u00e1rio P\u00fablico)<\/strong><\/p>\n<p>12:00 \u2013 Farra da Gal\u00eaga<\/p>\n<p>20 mil 14:30 \u2013 Patr\u00f5es do Forr\u00f3<\/p>\n<p><strong>No Distrito do Pindur\u00e3o<\/strong><\/p>\n<p>13:00 \u2013 Vitinho Kabuloso<\/p>\n<p><strong>Ter\u00e7a (Balne\u00e1rio P\u00fablico)<\/strong><\/p>\n<p>12:00 \u2013 Bhira e Banda Divertere<\/p>\n<p>14:00 \u2013 Feiti\u00e7o de Menina<\/p>\n<p>17:30 \u2013 Arrast\u00e3o at\u00e9 a cidade<\/p>\n<p>Na cidade acontece o tradicional desfile do Bloco da Saudade, a partir das 20 horas.<\/p>\n<p><strong>CARIRI EM A\u00c7\u00c3O<\/strong><\/p>\n<p><strong>Leia mais not\u00edcias em\u00a0<\/strong><a href=\"http:\/\/www.caririemacao.com\/\"><strong>caririemacao.com<\/strong><\/a><strong>, siga nossa p\u00e1gina no\u00a0<\/strong><a href=\"https:\/\/www.facebook.com\/CaririEmAcao\/?ref=aymt_homepage_panel\"><strong>Facebook<\/strong><\/a>,<strong>\u00a0<\/strong><a href=\"https:\/\/www.instagram.com\/cariri_em_acao\/?hl=pt-br\"><strong>Instagram<\/strong><\/a><strong>\u00a0e\u00a0<\/strong><a href=\"https:\/\/www.youtube.com\/channel\/UCAptA0jQuYQy8vMhLt2m4qg\"><strong>Youtube<\/strong><\/a><strong>\u00a0e veja nossas mat\u00e9rias, v\u00eddeos e fotos. Voc\u00ea tamb\u00e9m pode enviar informa\u00e7\u00f5es \u00e0 Reda\u00e7\u00e3o do Portal Cariri em A\u00e7\u00e3o pelo WhatsApp (83) 9 9634.5791, (83) 9 9601-1162.<\/strong><\/p>\n","protected":false},"excerpt":{"rendered":"<p>O primeiro dia de carnaval no Balne\u00e1rio de Camala\u00fa foi marcado pela presen\u00e7a de uma multid\u00e3o de pessoas de diversas cidades paraibanas e pernambucanas. Segundo&hellip; <\/p>\n","protected":false},"author":2,"featured_media":40640,"comment_status":"closed","ping_status":"closed","sticky":false,"template":"","format":"standard","meta":{"sfsi_plus_gutenberg_text_before_share":"","sfsi_plus_gutenberg_show_text_before_share":"","sfsi_plus_gutenberg_icon_type":"","sfsi_plus_gutenberg_icon_alignemt":"","sfsi_plus_gutenburg_max_per_row":"","footnotes":""},"categories":[6],"tags":[],"class_list":["post-40650","post","type-post","status-publish","format-standard","has-post-thumbnail","hentry","category-cidades"],"_links":{"self":[{"href":"https:\/\/www.caririemacao.com\/1\/wp-json\/wp\/v2\/posts\/40650","targetHints":{"allow":["GET"]}}],"collection":[{"href":"https:\/\/www.caririemacao.com\/1\/wp-json\/wp\/v2\/posts"}],"about":[{"href":"https:\/\/www.caririemacao.com\/1\/wp-json\/wp\/v2\/types\/post"}],"author":[{"embeddable":true,"href":"https:\/\/www.caririemacao.com\/1\/wp-json\/wp\/v2\/users\/2"}],"replies":[{"embeddable":true,"href":"https:\/\/www.caririemacao.com\/1\/wp-json\/wp\/v2\/comments?post=40650"}],"version-history":[{"count":0,"href":"https:\/\/www.caririemacao.com\/1\/wp-json\/wp\/v2\/posts\/40650\/revisions"}],"wp:featuredmedia":[{"embeddable":true,"href":"https:\/\/www.caririemacao.com\/1\/wp-json\/wp\/v2\/media\/40640"}],"wp:attachment":[{"href":"https:\/\/www.caririemacao.com\/1\/wp-json\/wp\/v2\/media?parent=40650"}],"wp:term":[{"taxonomy":"category","embeddable":true,"href":"https:\/\/www.caririemacao.com\/1\/wp-json\/wp\/v2\/categories?post=40650"},{"taxonomy":"post_tag","embeddable":true,"href":"https:\/\/www.caririemacao.com\/1\/wp-json\/wp\/v2\/tags?post=40650"}],"curies":[{"name":"wp","href":"https:\/\/api.w.org\/{rel}","templated":true}]}}