{"id":40654,"date":"2018-02-12T00:50:14","date_gmt":"2018-02-12T03:50:14","guid":{"rendered":"http:\/\/caririemacao.com\/1\/?p=40654"},"modified":"2018-02-12T21:51:43","modified_gmt":"2018-02-13T00:51:43","slug":"folioes-da-paraiba-e-do-pernambuco-participa-do-segundo-dia-do-tradicional-carnaval-de-caraubas","status":"publish","type":"post","link":"https:\/\/www.caririemacao.com\/1\/2018\/02\/12\/folioes-da-paraiba-e-do-pernambuco-participa-do-segundo-dia-do-tradicional-carnaval-de-caraubas\/","title":{"rendered":"Foli\u00f5es da Para\u00edba e Pernambuco participam do 2\u00ba dia do carnaval de Cara\u00fabas"},"content":{"rendered":"<p>O Cara\u00fabas Folia 2018 da cidade de Cara\u00fabas, Cariri paraibano, foi aberto oficialmente no \u00faltimo s\u00e1bado (10), e tem atra\u00eddo centenas de populares oriundos das mais diversas cidades do cariri e do Estado de Pernambuco.<\/p>\n<p>Os foli\u00f5es chegaram ao munic\u00edpio desde as primeiras horas da manh\u00e3 deste domingo, para visitar o Rio Para\u00edba que banha o munic\u00edpio, com as aguas do \u201cVelho Chico\u201d. Ao final da tarde os foli\u00f5es se reuniram na pra\u00e7a central, com a anima\u00e7\u00e3o de Bhira e Banda Divertere e Banda Forr\u00f3 Levado.<\/p>\n<p><a href=\"http:\/\/caririemacao.com\/1\/wp-content\/uploads\/2018\/02\/01.jpg\"><img fetchpriority=\"high\" decoding=\"async\" class=\"aligncenter size-full wp-image-40656\" src=\"http:\/\/caririemacao.com\/1\/wp-content\/uploads\/2018\/02\/01.jpg\" alt=\"\" width=\"600\" height=\"500\" srcset=\"https:\/\/www.caririemacao.com\/1\/wp-content\/uploads\/2018\/02\/01.jpg 600w, https:\/\/www.caririemacao.com\/1\/wp-content\/uploads\/2018\/02\/01-300x250.jpg 300w\" sizes=\"(max-width: 600px) 100vw, 600px\" \/><\/a><\/p>\n<p>A programa\u00e7\u00e3o do Cara\u00fabas Folia 2018 segue nesta segunda-feira, com as seguintes atra\u00e7\u00f5es em pra\u00e7a p\u00fablica, Franklin Dias, DJ Tony, DJ Carlos e DJ Mateus.<\/p>\n<p>O Cara\u00fabas Folia \u00e9 um evento em pleno crescimento, e a cada ano o carnaval faz com que Cara\u00fabas se torne o destino para muitos que buscam se divertir com alegria e tranquilidade.<\/p>\n<p><a href=\"https:\/\/www.facebook.com\/pg\/CaririEmAcao\/photos\/?tab=album&amp;album_id=1181466375322717\">VEJA TODAS AS FOTOS DESTE DOMINGO (11)\u00a0\u00a0<\/a><\/p>\n<p><strong>CARIRI EM A\u00c7\u00c3O<\/strong><\/p>\n<p><em>Reda\u00e7\u00e3o Cariri em A\u00e7\u00e3o<\/em><\/p>\n<p><strong>Leia mais not\u00edcias em\u00a0<\/strong><a href=\"http:\/\/www.caririemacao.com\/\"><strong>caririemacao.com<\/strong><\/a><strong>, siga nossa p\u00e1gina no\u00a0<\/strong><a href=\"https:\/\/www.facebook.com\/CaririEmAcao\/?ref=aymt_homepage_panel\"><strong>Facebook<\/strong><\/a>,<strong>\u00a0<\/strong><a href=\"https:\/\/www.instagram.com\/cariri_em_acao\/?hl=pt-br\"><strong>Instagram<\/strong><\/a><strong>\u00a0e\u00a0<\/strong><a href=\"https:\/\/www.youtube.com\/channel\/UCAptA0jQuYQy8vMhLt2m4qg\"><strong>Youtube<\/strong><\/a><strong>\u00a0e veja nossas mat\u00e9rias, v\u00eddeos e fotos. Voc\u00ea tamb\u00e9m pode enviar informa\u00e7\u00f5es \u00e0 Reda\u00e7\u00e3o do Portal Cariri em A\u00e7\u00e3o pelo WhatsApp (83) 9 9634.5791, (83) 9 9601-1162.<\/strong><\/p>\n","protected":false},"excerpt":{"rendered":"<p>O Cara\u00fabas Folia 2018 da cidade de Cara\u00fabas, Cariri paraibano, foi aberto oficialmente no \u00faltimo s\u00e1bado (10), e tem atra\u00eddo centenas de populares oriundos das&hellip; <\/p>\n","protected":false},"author":2,"featured_media":40655,"comment_status":"closed","ping_status":"closed","sticky":false,"template":"","format":"standard","meta":{"sfsi_plus_gutenberg_text_before_share":"","sfsi_plus_gutenberg_show_text_before_share":"","sfsi_plus_gutenberg_icon_type":"","sfsi_plus_gutenberg_icon_alignemt":"","sfsi_plus_gutenburg_max_per_row":"","footnotes":""},"categories":[6],"tags":[],"class_list":["post-40654","post","type-post","status-publish","format-standard","has-post-thumbnail","hentry","category-cidades"],"_links":{"self":[{"href":"https:\/\/www.caririemacao.com\/1\/wp-json\/wp\/v2\/posts\/40654","targetHints":{"allow":["GET"]}}],"collection":[{"href":"https:\/\/www.caririemacao.com\/1\/wp-json\/wp\/v2\/posts"}],"about":[{"href":"https:\/\/www.caririemacao.com\/1\/wp-json\/wp\/v2\/types\/post"}],"author":[{"embeddable":true,"href":"https:\/\/www.caririemacao.com\/1\/wp-json\/wp\/v2\/users\/2"}],"replies":[{"embeddable":true,"href":"https:\/\/www.caririemacao.com\/1\/wp-json\/wp\/v2\/comments?post=40654"}],"version-history":[{"count":0,"href":"https:\/\/www.caririemacao.com\/1\/wp-json\/wp\/v2\/posts\/40654\/revisions"}],"wp:featuredmedia":[{"embeddable":true,"href":"https:\/\/www.caririemacao.com\/1\/wp-json\/wp\/v2\/media\/40655"}],"wp:attachment":[{"href":"https:\/\/www.caririemacao.com\/1\/wp-json\/wp\/v2\/media?parent=40654"}],"wp:term":[{"taxonomy":"category","embeddable":true,"href":"https:\/\/www.caririemacao.com\/1\/wp-json\/wp\/v2\/categories?post=40654"},{"taxonomy":"post_tag","embeddable":true,"href":"https:\/\/www.caririemacao.com\/1\/wp-json\/wp\/v2\/tags?post=40654"}],"curies":[{"name":"wp","href":"https:\/\/api.w.org\/{rel}","templated":true}]}}