{"id":40661,"date":"2018-02-12T09:33:14","date_gmt":"2018-02-12T12:33:14","guid":{"rendered":"http:\/\/caririemacao.com\/1\/?p=40661"},"modified":"2018-02-12T23:46:55","modified_gmt":"2018-02-13T02:46:55","slug":"acidentes-deixam-tres-vitimas-fatais-na-regiao-do-cariri-no-primeiro-dia-de-carnaval","status":"publish","type":"post","link":"https:\/\/www.caririemacao.com\/1\/2018\/02\/12\/acidentes-deixam-tres-vitimas-fatais-na-regiao-do-cariri-no-primeiro-dia-de-carnaval\/","title":{"rendered":"Acidentes deixam tr\u00eas v\u00edtimas fatais na regi\u00e3o do Cariri no primeiro dia de Carnaval"},"content":{"rendered":"<p>Na PB que liga S\u00e3o Jo\u00e3o do Tigre a S\u00e3o Sebasti\u00e3o do Umbuzeiro, um casal s<span class=\"text_exposed_show\">ofreu uma queda de moto e veio a \u00f3bito no local. Faleceram nesse acidente durante a madrugada, a jovem Iana Manuela Costa, 21 anos de idade, redidente em S\u00e3o Sebasti\u00e3o do Umbuzeiro e o lanterneiro Ayslan Tarcisio da Silva, 30 anos de idade, residente em Monteiro.<\/span><\/p>\n<div class=\"text_exposed_show\">\n<p>Na estrada da Prata pr\u00f3ximo ao sitio do melo houve um atropelamento com v\u00edtima fatal por volta das 23 horas, vindo a \u00f3bito no local, Adriano Alves Ramos. O mesmo foi atropelado por uma motocicleta conduzida por Jos\u00e9 Valdeni da Silva, residente no sitio do Melo. Jose Valdeni sofreu escoria\u00e7\u00f5es e fraturas, sendo levado pela equipe do Samu para o Hospital Santa Filomena de Monteiro.<\/p>\n<p><strong>CARIRI EM A\u00c7\u00c3O<\/strong><\/p>\n<p><em>Com O Pipoco \/Foto: Reprodu\u00e7\u00e3o Interne<\/em><\/p>\n<p><strong>Leia mais not\u00edcias em\u00a0<\/strong><a href=\"http:\/\/www.caririemacao.com\/\"><strong>caririemacao.com<\/strong><\/a><strong>, siga nossa p\u00e1gina no\u00a0<\/strong><a href=\"https:\/\/www.facebook.com\/CaririEmAcao\/?ref=aymt_homepage_panel\"><strong>Facebook<\/strong><\/a>,<strong>\u00a0<\/strong><a href=\"https:\/\/www.instagram.com\/cariri_em_acao\/?hl=pt-br\"><strong>Instagram<\/strong><\/a><strong>\u00a0e\u00a0<\/strong><a href=\"https:\/\/www.youtube.com\/channel\/UCAptA0jQuYQy8vMhLt2m4qg\"><strong>Youtube<\/strong><\/a><strong>\u00a0e veja nossas mat\u00e9rias, v\u00eddeos e fotos. Voc\u00ea tamb\u00e9m pode enviar informa\u00e7\u00f5es \u00e0 Reda\u00e7\u00e3o do Portal Cariri em A\u00e7\u00e3o pelo WhatsApp (83) 9 9634.5791, (83) 9 9601-1162.<\/strong><\/p>\n<\/div>\n","protected":false},"excerpt":{"rendered":"<p>Na PB que liga S\u00e3o Jo\u00e3o do Tigre a S\u00e3o Sebasti\u00e3o do Umbuzeiro, um casal sofreu uma queda de moto e veio a \u00f3bito no&hellip; <\/p>\n","protected":false},"author":2,"featured_media":37820,"comment_status":"closed","ping_status":"closed","sticky":false,"template":"","format":"standard","meta":{"sfsi_plus_gutenberg_text_before_share":"","sfsi_plus_gutenberg_show_text_before_share":"","sfsi_plus_gutenberg_icon_type":"","sfsi_plus_gutenberg_icon_alignemt":"","sfsi_plus_gutenburg_max_per_row":"","footnotes":""},"categories":[12],"tags":[],"class_list":["post-40661","post","type-post","status-publish","format-standard","has-post-thumbnail","hentry","category-policia"],"_links":{"self":[{"href":"https:\/\/www.caririemacao.com\/1\/wp-json\/wp\/v2\/posts\/40661","targetHints":{"allow":["GET"]}}],"collection":[{"href":"https:\/\/www.caririemacao.com\/1\/wp-json\/wp\/v2\/posts"}],"about":[{"href":"https:\/\/www.caririemacao.com\/1\/wp-json\/wp\/v2\/types\/post"}],"author":[{"embeddable":true,"href":"https:\/\/www.caririemacao.com\/1\/wp-json\/wp\/v2\/users\/2"}],"replies":[{"embeddable":true,"href":"https:\/\/www.caririemacao.com\/1\/wp-json\/wp\/v2\/comments?post=40661"}],"version-history":[{"count":0,"href":"https:\/\/www.caririemacao.com\/1\/wp-json\/wp\/v2\/posts\/40661\/revisions"}],"wp:featuredmedia":[{"embeddable":true,"href":"https:\/\/www.caririemacao.com\/1\/wp-json\/wp\/v2\/media\/37820"}],"wp:attachment":[{"href":"https:\/\/www.caririemacao.com\/1\/wp-json\/wp\/v2\/media?parent=40661"}],"wp:term":[{"taxonomy":"category","embeddable":true,"href":"https:\/\/www.caririemacao.com\/1\/wp-json\/wp\/v2\/categories?post=40661"},{"taxonomy":"post_tag","embeddable":true,"href":"https:\/\/www.caririemacao.com\/1\/wp-json\/wp\/v2\/tags?post=40661"}],"curies":[{"name":"wp","href":"https:\/\/api.w.org\/{rel}","templated":true}]}}