{"id":40668,"date":"2018-02-12T09:39:46","date_gmt":"2018-02-12T12:39:46","guid":{"rendered":"http:\/\/caririemacao.com\/1\/?p=40668"},"modified":"2018-02-12T09:39:46","modified_gmt":"2018-02-12T12:39:46","slug":"ricardo-exalta-azevedo-mas-pontua-folha-de-servicos-indiscutivel-de-maranhao","status":"publish","type":"post","link":"https:\/\/www.caririemacao.com\/1\/2018\/02\/12\/ricardo-exalta-azevedo-mas-pontua-folha-de-servicos-indiscutivel-de-maranhao\/","title":{"rendered":"Ricardo exalta Azevedo, mas pontua folha de servi\u00e7os \u2018indiscut\u00edvel\u2019 de Maranh\u00e3o"},"content":{"rendered":"<p>O governador Ricardo Coutinho (PSB) apontou mais uma vez o pr\u00e9-candidato Jo\u00e3o Azevedo (PSB) como o mais qualificado para assumir o mandato de governador a partir de 2019. Para o governador, se houvesse uma prateleira, o eleitor paraibano veria o secret\u00e1rio do Estado acima dos outros concorrentes.<\/p>\n<p>\u201cSe fosse uma prateleira para mostrar ao eleitor paraibano, mostraria Jo\u00e3o Azevedo como muito mais preparado que todos aqueles\u201d, disse.<\/p>\n<p>Ele pontuou, no entanto, que nem todos os opositores entram no mesmo \u2018pacote\u2019, e comparou as atua\u00e7\u00f5es dos senadores Jos\u00e9 Maranh\u00e3o (MDB), e de C\u00e1ssio Cunha Lima (PSDB).<\/p>\n<p>\u201cEu respeito porque s\u00e3o diferentes, por exemplo n\u00e3o d\u00e1 para comparar o senador Maranh\u00e3o com o senador C\u00e1ssio. Maranh\u00e3o tem uma folha de servi\u00e7os prestados ao estado indiscut\u00edvel, \u00e9 uma boa folha de servi\u00e7os\u201d, continuou.<\/p>\n<p>Por fim, Ricardo exaltou o secret\u00e1rio Azevedo. Ele acredita que Jo\u00e3o, se eleito, ter\u00e1 o alicerce pronto para colocar a Para\u00edba em um novo patamar em termo de investimento e pol\u00edticas p\u00fablicas.<\/p>\n<p>\u201cJo\u00e3o Azevedo representa o momento e o futuro, ele foi um dos grandes condutores do que temos hoje na Para\u00edba, e ser\u00e1 depois da conclus\u00e3o de todo esse alicerce que estamos construindo, o grande condutor para dar um salto sobre o salto que j\u00e1 demos\u201d, finalizou.<\/p>\n<p><strong>CARIRI EM A\u00c7\u00c3O<\/strong><\/p>\n<p><em>Com O Pipoco\/Foto: Reprodu\u00e7\u00e3o google<\/em><\/p>\n<p><strong>Leia mais not\u00edcias em\u00a0<\/strong><a href=\"http:\/\/www.caririemacao.com\/\"><strong>caririemacao.com<\/strong><\/a><strong>, siga nossa p\u00e1gina no\u00a0<\/strong><a href=\"https:\/\/www.facebook.com\/CaririEmAcao\/?ref=aymt_homepage_panel\"><strong>Facebook<\/strong><\/a>,<strong>\u00a0<\/strong><a href=\"https:\/\/www.instagram.com\/cariri_em_acao\/?hl=pt-br\"><strong>Instagram<\/strong><\/a><strong>\u00a0e\u00a0<\/strong><a href=\"https:\/\/www.youtube.com\/channel\/UCAptA0jQuYQy8vMhLt2m4qg\"><strong>Youtube<\/strong><\/a><strong>\u00a0e veja nossas mat\u00e9rias, v\u00eddeos e fotos. Voc\u00ea tamb\u00e9m pode enviar informa\u00e7\u00f5es \u00e0 Reda\u00e7\u00e3o do Portal Cariri em A\u00e7\u00e3o pelo WhatsApp (83) 9 9634.5791, (83) 9 9601-1162.<\/strong><\/p>\n","protected":false},"excerpt":{"rendered":"<p>O governador Ricardo Coutinho (PSB) apontou mais uma vez o pr\u00e9-candidato Jo\u00e3o Azevedo (PSB) como o mais qualificado para assumir o mandato de governador a&hellip; <\/p>\n","protected":false},"author":2,"featured_media":38867,"comment_status":"closed","ping_status":"closed","sticky":false,"template":"","format":"standard","meta":{"sfsi_plus_gutenberg_text_before_share":"","sfsi_plus_gutenberg_show_text_before_share":"","sfsi_plus_gutenberg_icon_type":"","sfsi_plus_gutenberg_icon_alignemt":"","sfsi_plus_gutenburg_max_per_row":"","footnotes":""},"categories":[11],"tags":[],"class_list":["post-40668","post","type-post","status-publish","format-standard","has-post-thumbnail","hentry","category-politica"],"_links":{"self":[{"href":"https:\/\/www.caririemacao.com\/1\/wp-json\/wp\/v2\/posts\/40668","targetHints":{"allow":["GET"]}}],"collection":[{"href":"https:\/\/www.caririemacao.com\/1\/wp-json\/wp\/v2\/posts"}],"about":[{"href":"https:\/\/www.caririemacao.com\/1\/wp-json\/wp\/v2\/types\/post"}],"author":[{"embeddable":true,"href":"https:\/\/www.caririemacao.com\/1\/wp-json\/wp\/v2\/users\/2"}],"replies":[{"embeddable":true,"href":"https:\/\/www.caririemacao.com\/1\/wp-json\/wp\/v2\/comments?post=40668"}],"version-history":[{"count":0,"href":"https:\/\/www.caririemacao.com\/1\/wp-json\/wp\/v2\/posts\/40668\/revisions"}],"wp:featuredmedia":[{"embeddable":true,"href":"https:\/\/www.caririemacao.com\/1\/wp-json\/wp\/v2\/media\/38867"}],"wp:attachment":[{"href":"https:\/\/www.caririemacao.com\/1\/wp-json\/wp\/v2\/media?parent=40668"}],"wp:term":[{"taxonomy":"category","embeddable":true,"href":"https:\/\/www.caririemacao.com\/1\/wp-json\/wp\/v2\/categories?post=40668"},{"taxonomy":"post_tag","embeddable":true,"href":"https:\/\/www.caririemacao.com\/1\/wp-json\/wp\/v2\/tags?post=40668"}],"curies":[{"name":"wp","href":"https:\/\/api.w.org\/{rel}","templated":true}]}}