{"id":40670,"date":"2018-02-12T09:46:49","date_gmt":"2018-02-12T12:46:49","guid":{"rendered":"http:\/\/caririemacao.com\/1\/?p=40670"},"modified":"2018-02-12T09:46:49","modified_gmt":"2018-02-12T12:46:49","slug":"chapa-de-ze-maranhao-pode-ter-wellington-roberto-na-disputa-ao-senado","status":"publish","type":"post","link":"https:\/\/www.caririemacao.com\/1\/2018\/02\/12\/chapa-de-ze-maranhao-pode-ter-wellington-roberto-na-disputa-ao-senado\/","title":{"rendered":"Chapa de Z\u00e9 Maranh\u00e3o pode ter Wellington Roberto na disputa ao Senado"},"content":{"rendered":"<div class=\"contentPost\">\n<p>O senador e pr\u00e9-candidato ao Governo do Estado pelo MDB, Jos\u00e9 Maranh\u00e3o, revelou neste s\u00e1bado (10), durante entrevista na cidade de Cajazeiras, que o PR, presidido pelo deputado federal Wellington Roberto, poder\u00e1 compor coliga\u00e7\u00e3o em torno de sua candidatura a governador, nas elei\u00e7\u00f5es deste ano.<\/p>\n<p>\u201cO deputado Wellington Roberto me autorizou a dizer que teria muito prazer em se compor com o MDB pela minha candidatura a governador. Isso \u00e9 fato real e quem quiser pergunte a Wellington Roberto\u201d, afirmou.<\/p>\n<p>O PR, at\u00e9 in\u00edcio de janeiro, fazia parte da gest\u00e3o do governador Ricardo Coutinho, tendo Bruno Roberto na titularidade da Secretaria de Estado do Juventude, Esporte e Lazer (Sejel).<\/p>\n<p>No final de janeiro deste ano, Wellington tratou sobre a situa\u00e7\u00e3o atual dos republicanos com rela\u00e7\u00e3o ao apoio junto ao PSB. Ap\u00f3s dizer que a sa\u00edda de Bruno Roberto da secretaria de Esportes do Governo do Estado n\u00e3o significava um rompimento com o governador Ricardo Coutinho (PSB) e o grupo socialista, ele disse tamb\u00e9m que n\u00e3o havia certeza de prosseguimento na alian\u00e7a.<\/p>\n<p>Segundo informa\u00e7\u00f5es, o deputado federal Wellington Roberto tem admitido em conversas reservadas com correligion\u00e1rios a possibilidade de disputar uma das duas vagas ao Senado da Rep\u00fablica, sem, no entanto revelar maiores detalhes sobre quais as composi\u00e7\u00f5es partid\u00e1rias.<\/p>\n<\/div>\n<p><strong>CARIRI EM A\u00c7\u00c3O<\/strong><\/p>\n<p><em>Com Cariri Ligado\/Foto: Reprodu\u00e7\u00e3o Internet<\/em><\/p>\n<p><strong>Leia mais not\u00edcias em\u00a0<\/strong><a href=\"http:\/\/www.caririemacao.com\/\"><strong>caririemacao.com<\/strong><\/a><strong>, siga nossa p\u00e1gina no\u00a0<\/strong><a href=\"https:\/\/www.facebook.com\/CaririEmAcao\/?ref=aymt_homepage_panel\"><strong>Facebook<\/strong><\/a>,<strong>\u00a0<\/strong><a href=\"https:\/\/www.instagram.com\/cariri_em_acao\/?hl=pt-br\"><strong>Instagram<\/strong><\/a><strong>\u00a0e <\/strong><a href=\"https:\/\/www.youtube.com\/channel\/UCAptA0jQuYQy8vMhLt2m4qg\"><strong>Youtube<\/strong><\/a><strong>\u00a0e veja nossas mat\u00e9rias, v\u00eddeos e fotos. Voc\u00ea tamb\u00e9m pode enviar informa\u00e7\u00f5es \u00e0 Reda\u00e7\u00e3o do Portal Cariri em A\u00e7\u00e3o pelo WhatsApp (83) 9 9634.5791, (83) 9 9601-1162.<\/strong><\/p>\n","protected":false},"excerpt":{"rendered":"<p>O senador e pr\u00e9-candidato ao Governo do Estado pelo MDB, Jos\u00e9 Maranh\u00e3o, revelou neste s\u00e1bado (10), durante entrevista na cidade de Cajazeiras, que o PR,&hellip; <\/p>\n","protected":false},"author":2,"featured_media":40679,"comment_status":"closed","ping_status":"closed","sticky":false,"template":"","format":"standard","meta":{"sfsi_plus_gutenberg_text_before_share":"","sfsi_plus_gutenberg_show_text_before_share":"","sfsi_plus_gutenberg_icon_type":"","sfsi_plus_gutenberg_icon_alignemt":"","sfsi_plus_gutenburg_max_per_row":"","footnotes":""},"categories":[11],"tags":[],"class_list":["post-40670","post","type-post","status-publish","format-standard","has-post-thumbnail","hentry","category-politica"],"_links":{"self":[{"href":"https:\/\/www.caririemacao.com\/1\/wp-json\/wp\/v2\/posts\/40670","targetHints":{"allow":["GET"]}}],"collection":[{"href":"https:\/\/www.caririemacao.com\/1\/wp-json\/wp\/v2\/posts"}],"about":[{"href":"https:\/\/www.caririemacao.com\/1\/wp-json\/wp\/v2\/types\/post"}],"author":[{"embeddable":true,"href":"https:\/\/www.caririemacao.com\/1\/wp-json\/wp\/v2\/users\/2"}],"replies":[{"embeddable":true,"href":"https:\/\/www.caririemacao.com\/1\/wp-json\/wp\/v2\/comments?post=40670"}],"version-history":[{"count":0,"href":"https:\/\/www.caririemacao.com\/1\/wp-json\/wp\/v2\/posts\/40670\/revisions"}],"wp:featuredmedia":[{"embeddable":true,"href":"https:\/\/www.caririemacao.com\/1\/wp-json\/wp\/v2\/media\/40679"}],"wp:attachment":[{"href":"https:\/\/www.caririemacao.com\/1\/wp-json\/wp\/v2\/media?parent=40670"}],"wp:term":[{"taxonomy":"category","embeddable":true,"href":"https:\/\/www.caririemacao.com\/1\/wp-json\/wp\/v2\/categories?post=40670"},{"taxonomy":"post_tag","embeddable":true,"href":"https:\/\/www.caririemacao.com\/1\/wp-json\/wp\/v2\/tags?post=40670"}],"curies":[{"name":"wp","href":"https:\/\/api.w.org\/{rel}","templated":true}]}}