{"id":40672,"date":"2018-02-12T09:43:04","date_gmt":"2018-02-12T12:43:04","guid":{"rendered":"http:\/\/caririemacao.com\/1\/?p=40672"},"modified":"2018-02-12T09:43:04","modified_gmt":"2018-02-12T12:43:04","slug":"aeroporto-de-campina-grande-registra-179-mil-passageiros-e-bate-recorde","status":"publish","type":"post","link":"https:\/\/www.caririemacao.com\/1\/2018\/02\/12\/aeroporto-de-campina-grande-registra-179-mil-passageiros-e-bate-recorde\/","title":{"rendered":"Aeroporto de Campina Grande registra 17,9 mil passageiros e bate recorde"},"content":{"rendered":"<div class=\"mc-column content-text active-extra-styles active-capital-letter\" data-block-type=\"unstyled\" data-block-weight=\"65\" data-block-id=\"2\">\n<p class=\"content-text__container theme-color-primary-first-letter\" data-track-category=\"Link no Texto\" data-track-links=\"\">O Aeroporto Presidente Jo\u00e3o Suassuna, em Campina Grande, quebrou o pr\u00f3prio recorde de movimenta\u00e7\u00e3o e recebeu 17,9 mil passageiros em dezembro de 2017. De acordo com a Infraero, \u00f3rg\u00e3o respons\u00e1vel pela administra\u00e7\u00e3o do aeroporto, o n\u00famero representa um aumento de 45,89% em rela\u00e7\u00e3o ao mesmo per\u00edodo em 2016. O \u00faltimo marco registrado pela Infraero no aeroporto foi em janeiro de 2014, com 17,3 mil passageiros.<\/p>\n<\/div>\n<div class=\"mc-column content-text active-extra-styles \" data-block-type=\"unstyled\" data-block-weight=\"28\" data-block-id=\"3\">\n<p class=\"content-text__container \" data-track-category=\"Link no Texto\" data-track-links=\"\">Ainda de acordo com os dados da Infraero, o ano de 2017 registrou um total de 150.274 passageiros atendidos, superando 2016 em 17,26%, quando foram transportados 128.149 usu\u00e1rios.<\/p>\n<\/div>\n<div class=\"mc-column content-text active-extra-styles \" data-block-type=\"unstyled\" data-block-weight=\"49\" data-block-id=\"4\">\n<p class=\"content-text__container \" data-track-category=\"Link no Texto\" data-track-links=\"\">O superintendente do aeroporto, Raphael Gaeski, explica que o aumento no n\u00famero de passageiros mostra o potencial de expans\u00e3o do terminal e estima que um dos fatores determinantes para o crescimento est\u00e1 relacionado ao funcionamento do Posto de Abastecimento de Aeronaves (PAA) no aeroporto, que antes operava com restri\u00e7\u00f5es.<\/p>\n<\/div>\n<div class=\"mc-column content-text active-extra-styles \" data-block-type=\"unstyled\" data-block-weight=\"38\" data-block-id=\"5\">\n<p class=\"content-text__container \" data-track-category=\"Link no Texto\" data-track-links=\"\">\u201cCom o PAA funcionando, possibilitamos \u00e0s empresas a\u00e9reas reprogramarem as rotas dos voos, que antes tinham escalas em outros aeroportos para abastecimento. Com isso, nos tornamos mais atrativos para o p\u00fablico e mais seguros para as operadoras\u201d, explica.<\/p>\n<\/div>\n<div data-track-category=\"fim do conteudo\" data-track-action=\"ultimo chunk conteudo\" data-track-noninteraction=\"false\" data-track-scroll=\"entrada completa viewport\">\n<div class=\"mc-column content-text active-extra-styles \" data-block-type=\"unstyled\" data-block-weight=\"22\" data-block-id=\"6\">\n<p class=\"content-text__container \" data-track-category=\"Link no Texto\" data-track-links=\"\">Atualmente, o Aeroporto Presidente Jo\u00e3o Suassuna tem voos diretos entre Campina Grande e as cidades do Rio de Janeiro e S\u00e3o Paulo.<\/p>\n<p><strong>CARIRI EM A\u00c7\u00c3O<\/strong><\/p>\n<p><em>Com G1 \/Foto:\u00a0\u00a0Leonardo Silva<\/em><\/p>\n<p><strong>Leia mais not\u00edcias em\u00a0<\/strong><a href=\"http:\/\/www.caririemacao.com\/\"><strong>caririemacao.com<\/strong><\/a><strong>, siga nossa p\u00e1gina no\u00a0<\/strong><a href=\"https:\/\/www.facebook.com\/CaririEmAcao\/?ref=aymt_homepage_panel\"><strong>Facebook<\/strong><\/a>,<strong>\u00a0<\/strong><a href=\"https:\/\/www.instagram.com\/cariri_em_acao\/?hl=pt-br\"><strong>Instagram<\/strong><\/a><strong>\u00a0e\u00a0<\/strong><a href=\"https:\/\/www.youtube.com\/channel\/UCAptA0jQuYQy8vMhLt2m4qg\"><strong>Youtube<\/strong><\/a><strong>\u00a0e veja nossas mat\u00e9rias, v\u00eddeos e fotos. Voc\u00ea tamb\u00e9m pode enviar informa\u00e7\u00f5es \u00e0 Reda\u00e7\u00e3o do Portal Cariri em A\u00e7\u00e3o pelo WhatsApp (83) 9 9634.5791, (83) 9 9601-1162.<\/strong><\/p>\n<\/div>\n<\/div>\n","protected":false},"excerpt":{"rendered":"<p>O Aeroporto Presidente Jo\u00e3o Suassuna, em Campina Grande, quebrou o pr\u00f3prio recorde de movimenta\u00e7\u00e3o e recebeu 17,9 mil passageiros em dezembro de 2017. De acordo&hellip; <\/p>\n","protected":false},"author":2,"featured_media":40673,"comment_status":"closed","ping_status":"closed","sticky":false,"template":"","format":"standard","meta":{"sfsi_plus_gutenberg_text_before_share":"","sfsi_plus_gutenberg_show_text_before_share":"","sfsi_plus_gutenberg_icon_type":"","sfsi_plus_gutenberg_icon_alignemt":"","sfsi_plus_gutenburg_max_per_row":"","footnotes":""},"categories":[2],"tags":[],"class_list":["post-40672","post","type-post","status-publish","format-standard","has-post-thumbnail","hentry","category-geral"],"_links":{"self":[{"href":"https:\/\/www.caririemacao.com\/1\/wp-json\/wp\/v2\/posts\/40672","targetHints":{"allow":["GET"]}}],"collection":[{"href":"https:\/\/www.caririemacao.com\/1\/wp-json\/wp\/v2\/posts"}],"about":[{"href":"https:\/\/www.caririemacao.com\/1\/wp-json\/wp\/v2\/types\/post"}],"author":[{"embeddable":true,"href":"https:\/\/www.caririemacao.com\/1\/wp-json\/wp\/v2\/users\/2"}],"replies":[{"embeddable":true,"href":"https:\/\/www.caririemacao.com\/1\/wp-json\/wp\/v2\/comments?post=40672"}],"version-history":[{"count":0,"href":"https:\/\/www.caririemacao.com\/1\/wp-json\/wp\/v2\/posts\/40672\/revisions"}],"wp:featuredmedia":[{"embeddable":true,"href":"https:\/\/www.caririemacao.com\/1\/wp-json\/wp\/v2\/media\/40673"}],"wp:attachment":[{"href":"https:\/\/www.caririemacao.com\/1\/wp-json\/wp\/v2\/media?parent=40672"}],"wp:term":[{"taxonomy":"category","embeddable":true,"href":"https:\/\/www.caririemacao.com\/1\/wp-json\/wp\/v2\/categories?post=40672"},{"taxonomy":"post_tag","embeddable":true,"href":"https:\/\/www.caririemacao.com\/1\/wp-json\/wp\/v2\/tags?post=40672"}],"curies":[{"name":"wp","href":"https:\/\/api.w.org\/{rel}","templated":true}]}}