{"id":40680,"date":"2018-02-12T09:48:45","date_gmt":"2018-02-12T12:48:45","guid":{"rendered":"http:\/\/caririemacao.com\/1\/?p=40680"},"modified":"2018-02-12T09:48:45","modified_gmt":"2018-02-12T12:48:45","slug":"primeiro-dia-do-21o-crescer-2018-e-marcado-por-santa-missa-em-campina","status":"publish","type":"post","link":"https:\/\/www.caririemacao.com\/1\/2018\/02\/12\/primeiro-dia-do-21o-crescer-2018-e-marcado-por-santa-missa-em-campina\/","title":{"rendered":"Primeiro dia do 21\u00ba Crescer 2018 \u00e9 marcado por Santa Missa em Campina"},"content":{"rendered":"<p>Foi aberta na manh\u00e3 deste domingo, 11, a 21\u00aa edi\u00e7\u00e3o do Crescer 2018, em Campina Grande-PB. O primeiro dia do encontro foi marcado pela Santa Missa do Pe. Nilson Nunes, do Santu\u00e1rio da M\u00e3e Rainha, Bessa, Jo\u00e3o Pessoa-PB.<\/p>\n<p>\u201cEstou muito feliz de estar mais uma vez no Crescer, sendo acolhido por um p\u00fablico de mais de 20 mil pessoas na tarde de hoje. Tenho certeza que muitas b\u00ean\u00e7\u00e3os ir\u00e3o acontecer neste lugar\u201d, afirmou o padre.<\/p>\n<p>O encontro foi iniciado \u00e0s 8h com recita\u00e7\u00e3o de ter\u00e7o conduzida pelo Ter\u00e7o Diocesano, da Diocese de Campina Grande. Seguida de um momento de anima\u00e7\u00e3o e ora\u00e7\u00e3o e a primeira prega\u00e7\u00e3o,<\/p>\n<p>\u201cFam\u00edlia: Deus criou homem e mulher\u201d, por \u00cdtalo Fasanella, da Comunidade Cat\u00f3lica Sagrada Fam\u00edlia, de S\u00e3o Paulo-SP. \u201cO Papa Jo\u00e3o Paulo II dizia que o futuro e o bem da sociedade e da igreja passam pela fam\u00edlia. A mensagem que queremos passar \u00e9 que h\u00e1 a necessidade de um esfor\u00e7o conjunto para que a fam\u00edlia recupere a sua voca\u00e7\u00e3o origin\u00e1ria\u201d, pontuou \u00cdtalo.<\/p>\n<p><a href=\"http:\/\/caririemacao.com\/1\/wp-content\/uploads\/2018\/02\/IMG_3535-567x410.jpg\"><img fetchpriority=\"high\" decoding=\"async\" class=\"aligncenter size-full wp-image-40682\" src=\"http:\/\/caririemacao.com\/1\/wp-content\/uploads\/2018\/02\/IMG_3535-567x410.jpg\" alt=\"\" width=\"567\" height=\"410\" srcset=\"https:\/\/www.caririemacao.com\/1\/wp-content\/uploads\/2018\/02\/IMG_3535-567x410.jpg 567w, https:\/\/www.caririemacao.com\/1\/wp-content\/uploads\/2018\/02\/IMG_3535-567x410-300x217.jpg 300w\" sizes=\"(max-width: 567px) 100vw, 567px\" \/><\/a><\/p>\n<p>Em seguida foi iniciada, oficialmente, a 21\u00aa edi\u00e7\u00e3o Crescer, em solenidade de abertura, com a presen\u00e7a do Bispo de Campina Grande, Dom Dulc\u00eanio Fontes de Matos, o Prefeito de Campina Grande, Romero Rodrigues, o Deputado Federal, R\u00f4mulo Gouveia, a Secret\u00e1ria de Assist\u00eancia Social de Campina Grande, Eva Gouveia, al\u00e9m de Gustavo Lucena, Coordenador Geral do Crescer, Tiba Camargo, da Can\u00e7\u00e3o Nova-SP, \u00cdtalo Fasanella, da Comunidade Sagrada Fam\u00edlia-SP e, representando os mais de 300 volunt\u00e1rios do Crescer, Nayana Ta\u00edse.<\/p>\n<p>A manh\u00e3 deste primeiro dia de encontro foi encerrada com a Adora\u00e7\u00e3o ao Sant\u00edssimo Sacramento, conduzida por Tiba Camargo, \u00cdtalo Fassanela, Joseni Santos e Di\u00e1cono Lisboa, da Par\u00f3quia do Ros\u00e1rio, de Campina Grande.<\/p>\n<p>A tarde, foi a vez de Tiba Camargo, da Comunidade Can\u00e7\u00e3o Nova, falar sobre \u201cA harmonia do lar come\u00e7a pela comunh\u00e3o do casal\u201d. Encerrando o primeiro dia de encontro, o Pe. Nilson Nunes celebrou uma Santa Missa.<\/p>\n<p>O Encontro da Fam\u00edlia Cat\u00f3lica, organizado pela Comunidade de S\u00e3o Pio X, da Diocese de Campina Grande, acontece, gratuitamente, at\u00e9 a ter\u00e7a-feira de carnaval, na casa de shows Spazzio.<\/p>\n<p>\u201cEsta casa se transformar\u00e1, nestes 3 dias, em uma grande casa de ora\u00e7\u00f5es da fam\u00edlia cat\u00f3lica\u201d, afirmou o Coordenador Geral do Crescer, Gustavo Lucena.<\/p>\n<div class=\"ssbp-set--one ssbp-wrap ssbp-- ssbp--theme-4\" data-ssbp-toggle=\"true\">\n<p><strong>CARIRI EM A\u00c7\u00c3O<\/strong><\/p>\n<p><em>Com Ascom \/Foto:\u00a0Leonardo Silva<\/em><\/p>\n<p><strong>Leia mais not\u00edcias em\u00a0<\/strong><a href=\"http:\/\/www.caririemacao.com\/\"><strong>caririemacao.com<\/strong><\/a><strong>, siga nossa p\u00e1gina no\u00a0<\/strong><a href=\"https:\/\/www.facebook.com\/CaririEmAcao\/?ref=aymt_homepage_panel\"><strong>Facebook<\/strong><\/a>,<strong>\u00a0<\/strong><a href=\"https:\/\/www.instagram.com\/cariri_em_acao\/?hl=pt-br\"><strong>Instagram<\/strong><\/a><strong>\u00a0e\u00a0<\/strong><a href=\"https:\/\/www.youtube.com\/channel\/UCAptA0jQuYQy8vMhLt2m4qg\"><strong>Youtube<\/strong><\/a><strong>\u00a0e veja nossas mat\u00e9rias, v\u00eddeos e fotos. Voc\u00ea tamb\u00e9m pode enviar informa\u00e7\u00f5es \u00e0 Reda\u00e7\u00e3o do Portal Cariri em A\u00e7\u00e3o pelo WhatsApp (83) 9 9634.5791, (83) 9 9601-1162.<\/strong><\/p>\n<\/div>\n","protected":false},"excerpt":{"rendered":"<p>Foi aberta na manh\u00e3 deste domingo, 11, a 21\u00aa edi\u00e7\u00e3o do Crescer 2018, em Campina Grande-PB. O primeiro dia do encontro foi marcado pela Santa&hellip; <\/p>\n","protected":false},"author":2,"featured_media":40683,"comment_status":"closed","ping_status":"closed","sticky":false,"template":"","format":"standard","meta":{"sfsi_plus_gutenberg_text_before_share":"","sfsi_plus_gutenberg_show_text_before_share":"","sfsi_plus_gutenberg_icon_type":"","sfsi_plus_gutenberg_icon_alignemt":"","sfsi_plus_gutenburg_max_per_row":"","footnotes":""},"categories":[2],"tags":[],"class_list":["post-40680","post","type-post","status-publish","format-standard","has-post-thumbnail","hentry","category-geral"],"_links":{"self":[{"href":"https:\/\/www.caririemacao.com\/1\/wp-json\/wp\/v2\/posts\/40680","targetHints":{"allow":["GET"]}}],"collection":[{"href":"https:\/\/www.caririemacao.com\/1\/wp-json\/wp\/v2\/posts"}],"about":[{"href":"https:\/\/www.caririemacao.com\/1\/wp-json\/wp\/v2\/types\/post"}],"author":[{"embeddable":true,"href":"https:\/\/www.caririemacao.com\/1\/wp-json\/wp\/v2\/users\/2"}],"replies":[{"embeddable":true,"href":"https:\/\/www.caririemacao.com\/1\/wp-json\/wp\/v2\/comments?post=40680"}],"version-history":[{"count":0,"href":"https:\/\/www.caririemacao.com\/1\/wp-json\/wp\/v2\/posts\/40680\/revisions"}],"wp:featuredmedia":[{"embeddable":true,"href":"https:\/\/www.caririemacao.com\/1\/wp-json\/wp\/v2\/media\/40683"}],"wp:attachment":[{"href":"https:\/\/www.caririemacao.com\/1\/wp-json\/wp\/v2\/media?parent=40680"}],"wp:term":[{"taxonomy":"category","embeddable":true,"href":"https:\/\/www.caririemacao.com\/1\/wp-json\/wp\/v2\/categories?post=40680"},{"taxonomy":"post_tag","embeddable":true,"href":"https:\/\/www.caririemacao.com\/1\/wp-json\/wp\/v2\/tags?post=40680"}],"curies":[{"name":"wp","href":"https:\/\/api.w.org\/{rel}","templated":true}]}}