{"id":40686,"date":"2018-02-12T09:52:56","date_gmt":"2018-02-12T12:52:56","guid":{"rendered":"http:\/\/caririemacao.com\/1\/?p=40686"},"modified":"2018-02-12T09:52:56","modified_gmt":"2018-02-12T12:52:56","slug":"cnj-prorroga-para-quarta-prazos-de-processos-que-vencem-no-carnaval","status":"publish","type":"post","link":"https:\/\/www.caririemacao.com\/1\/2018\/02\/12\/cnj-prorroga-para-quarta-prazos-de-processos-que-vencem-no-carnaval\/","title":{"rendered":"CNJ prorroga para quarta prazos de processos que vencem no carnaval"},"content":{"rendered":"<p>Os processos que est\u00e3o tramitando no Conselho Nacional de Justi\u00e7a (CNJ), com prazos que se iniciem ou se encerrem nos dias 12 e 13 de fevereiro, nesta segunda e ter\u00e7a-feiras, ser\u00e3o automaticamente prorrogados para a quarta-feira (14).<\/p>\n<p>A determina\u00e7\u00e3o consta da Portaria CNJ n\u00b0 3\/2018, assinada pela Secretaria-Geral do Conselho. O documento tamb\u00e9m estabelece que n\u00e3o haver\u00e1 expediente no CNJ na segunda e na ter\u00e7a-feira, por conta do feriado do carnaval, previsto no Artigo 62 da Lei n. 5.010, de 30 de maio de 1966.<\/p>\n<p>As atividades do Conselho ser\u00e3o retomadas na Quarta-Feira de Cinzas (14), a partir das 14 h.<\/p>\n<p><strong>CARIRI EM A\u00c7\u00c3O<\/strong><\/p>\n<p><em>onselho Nacional de Justi\u00e7a (CNJ) com Ag\u00eancia Brasil\/Foto: Ascom<\/em><\/p>\n<p><strong>Leia mais not\u00edcias em\u00a0<\/strong><a href=\"http:\/\/www.caririemacao.com\/\"><strong>caririemacao.com<\/strong><\/a><strong>, siga nossa p\u00e1gina no\u00a0<\/strong><a href=\"https:\/\/www.facebook.com\/CaririEmAcao\/?ref=aymt_homepage_panel\"><strong>Facebook<\/strong><\/a>,<strong>\u00a0<\/strong><a href=\"https:\/\/www.instagram.com\/cariri_em_acao\/?hl=pt-br\"><strong>Instagram<\/strong><\/a><strong>\u00a0e\u00a0<\/strong><a href=\"https:\/\/www.youtube.com\/channel\/UCAptA0jQuYQy8vMhLt2m4qg\"><strong>Youtube<\/strong><\/a><strong>\u00a0e veja nossas mat\u00e9rias, v\u00eddeos e fotos. Voc\u00ea tamb\u00e9m pode enviar informa\u00e7\u00f5es \u00e0 Reda\u00e7\u00e3o do Portal Cariri em A\u00e7\u00e3o pelo WhatsApp (83) 9 9634.5791, (83) 9 9601-1162.<\/strong><\/p>\n","protected":false},"excerpt":{"rendered":"<p>Os processos que est\u00e3o tramitando no Conselho Nacional de Justi\u00e7a (CNJ), com prazos que se iniciem ou se encerrem nos dias 12 e 13 de&hellip; <\/p>\n","protected":false},"author":2,"featured_media":40687,"comment_status":"closed","ping_status":"closed","sticky":false,"template":"","format":"standard","meta":{"sfsi_plus_gutenberg_text_before_share":"","sfsi_plus_gutenberg_show_text_before_share":"","sfsi_plus_gutenberg_icon_type":"","sfsi_plus_gutenberg_icon_alignemt":"","sfsi_plus_gutenburg_max_per_row":"","footnotes":""},"categories":[2],"tags":[],"class_list":["post-40686","post","type-post","status-publish","format-standard","has-post-thumbnail","hentry","category-geral"],"_links":{"self":[{"href":"https:\/\/www.caririemacao.com\/1\/wp-json\/wp\/v2\/posts\/40686","targetHints":{"allow":["GET"]}}],"collection":[{"href":"https:\/\/www.caririemacao.com\/1\/wp-json\/wp\/v2\/posts"}],"about":[{"href":"https:\/\/www.caririemacao.com\/1\/wp-json\/wp\/v2\/types\/post"}],"author":[{"embeddable":true,"href":"https:\/\/www.caririemacao.com\/1\/wp-json\/wp\/v2\/users\/2"}],"replies":[{"embeddable":true,"href":"https:\/\/www.caririemacao.com\/1\/wp-json\/wp\/v2\/comments?post=40686"}],"version-history":[{"count":0,"href":"https:\/\/www.caririemacao.com\/1\/wp-json\/wp\/v2\/posts\/40686\/revisions"}],"wp:featuredmedia":[{"embeddable":true,"href":"https:\/\/www.caririemacao.com\/1\/wp-json\/wp\/v2\/media\/40687"}],"wp:attachment":[{"href":"https:\/\/www.caririemacao.com\/1\/wp-json\/wp\/v2\/media?parent=40686"}],"wp:term":[{"taxonomy":"category","embeddable":true,"href":"https:\/\/www.caririemacao.com\/1\/wp-json\/wp\/v2\/categories?post=40686"},{"taxonomy":"post_tag","embeddable":true,"href":"https:\/\/www.caririemacao.com\/1\/wp-json\/wp\/v2\/tags?post=40686"}],"curies":[{"name":"wp","href":"https:\/\/api.w.org\/{rel}","templated":true}]}}