{"id":40694,"date":"2018-02-12T10:05:06","date_gmt":"2018-02-12T13:05:06","guid":{"rendered":"http:\/\/caririemacao.com\/1\/?p=40694"},"modified":"2018-02-12T10:05:06","modified_gmt":"2018-02-12T13:05:06","slug":"relatorio-sobre-teto-remuneratorio-no-servico-publico-deve-ficar-para-marco","status":"publish","type":"post","link":"https:\/\/www.caririemacao.com\/1\/2018\/02\/12\/relatorio-sobre-teto-remuneratorio-no-servico-publico-deve-ficar-para-marco\/","title":{"rendered":"Relat\u00f3rio sobre teto remunerat\u00f3rio no servi\u00e7o p\u00fablico deve ficar para mar\u00e7o"},"content":{"rendered":"<p>O relator do projeto que regulamenta o teto remunerat\u00f3rio do setor p\u00fablico (PL\u00a0<a href=\"http:\/\/www2.camara.leg.br\/camaranoticias\/noticias\/TRABALHO-E-PREVIDENCIA\/523325-PROJETO-DEFINE-QUAIS-PAGAMENTOS-SERAO-SUBMETIDOS-AO-TETO-DO-FUNCIONALISMO.html\" target=\"_blank\" rel=\"noopener\">6726\/16<\/a>), deputado Rubens Bueno (PPS-PR), pretende entregar em mar\u00e7o seu parecer \u00e0\u00a0<span class=\"termoGlossario\">comiss\u00e3o especial<\/span>\u00a0que analisa o assunto.<\/p>\n<p>Bueno adiantou que vai propor que o pagamento de aux\u00edlio-moradia fique restrito a servidores que tenham de sair de sua cidade para trabalhar em outro local temporariamente.<\/p>\n<p>O parlamentar ressaltou que qualquer decis\u00e3o sobre o tema ser\u00e1 bastante discutida no colegiado, mas que o mais correto seria a limita\u00e7\u00e3o do benef\u00edcio, hoje pago, por exemplo, a ju\u00edzes e procuradores. \u201cSe a pessoa tem domic\u00edlio em algum lugar do Pa\u00eds e vai prestar um servi\u00e7o eventual ou um trabalho por tempo determinado em outro lugar, ela precisa ser indenizada. Por\u00e9m aquela que est\u00e1 trabalhando onde tem resid\u00eancia fixa n\u00e3o pode receber aux\u00edlio-moradia\u201d, declarou o relator.<\/p>\n<p>No ano passado, em audi\u00eancia p\u00fablica da comiss\u00e3o, representantes de associa\u00e7\u00f5es de ju\u00edzes e de defensores p\u00fablicos\u00a0<a href=\"http:\/\/www2.camara.leg.br\/camaranoticias\/noticias\/ADMINISTRACAO-PUBLICA\/547812-JUIZES-QUEREM-SUBSTITUIR-AUXILIO-MORADIA-POR-PROGRESSAO-POR-TEMPO-DE-CARREIRA.html\" target=\"_blank\" rel=\"noopener\">sugeriram<\/a>\u00a0o fim do aux\u00edlio-moradia em troca de um adicional por tempo de carreira.<\/p>\n<p>O projeto de lei em an\u00e1lise na C\u00e2mara dos Deputados redefine o que deve e o que n\u00e3o deve ser submetido ao teto remunerat\u00f3rio previsto na Constitui\u00e7\u00e3o para todo o funcionalismo p\u00fablico, atualmente fixado em R$ 33.700.<\/p>\n<p><strong>F\u00e9rias no Judici\u00e1rio<\/strong><br \/>\nRubens Bueno reafirmou que seu relat\u00f3rio tamb\u00e9m vai reduzir as f\u00e9rias no Judici\u00e1rio. \u201cN\u00e3o \u00e9 poss\u00edvel que, no Brasil, haja f\u00e9rias de 60 dias, que, no final das contas, s\u00e3o \u2018vendidas\u2019 para serem transformadas em dinheiro para aquele que tem esse direito\u201d, comentou.<\/p>\n<p>O deputado informou que aguarda apenas o envio pelo Conselho Nacional de Justi\u00e7a (CNJ) e pelo Conselho Nacional do Minist\u00e9rio P\u00fablico (CNMP) das informa\u00e7\u00f5es sobre quem ganha acima do teto para verificar outros adicionais que podem estar \u201cfurando\u201d o limite estabelecido pela Constitui\u00e7\u00e3o.<\/p>\n<p><strong>CARIRI EM A\u00c7\u00c3O<\/strong><\/p>\n<p><em>Com Ag\u00eancia C\u00e2mara\/Foto: Will Shutter<\/em><\/p>\n<p><strong>Leia mais not\u00edcias em\u00a0<\/strong><a href=\"http:\/\/www.caririemacao.com\/\"><strong>caririemacao.com<\/strong><\/a><strong>, siga nossa p\u00e1gina no\u00a0<\/strong><a href=\"https:\/\/www.facebook.com\/CaririEmAcao\/?ref=aymt_homepage_panel\"><strong>Facebook<\/strong><\/a>,<strong>\u00a0<\/strong><a href=\"https:\/\/www.instagram.com\/cariri_em_acao\/?hl=pt-br\"><strong>Instagram<\/strong><\/a><strong>\u00a0e <\/strong><a href=\"https:\/\/www.youtube.com\/channel\/UCAptA0jQuYQy8vMhLt2m4qg\"><strong>Youtube<\/strong><\/a><strong>\u00a0e veja nossas mat\u00e9rias, v\u00eddeos e fotos. Voc\u00ea tamb\u00e9m pode enviar informa\u00e7\u00f5es \u00e0 Reda\u00e7\u00e3o do Portal Cariri em A\u00e7\u00e3o pelo WhatsApp (83) 9 9634.5791, (83) 9 9601-1162.<\/strong><\/p>\n","protected":false},"excerpt":{"rendered":"<p>O relator do projeto que regulamenta o teto remunerat\u00f3rio do setor p\u00fablico (PL\u00a06726\/16), deputado Rubens Bueno (PPS-PR), pretende entregar em mar\u00e7o seu parecer \u00e0\u00a0comiss\u00e3o especial\u00a0que&hellip; <\/p>\n","protected":false},"author":2,"featured_media":40697,"comment_status":"closed","ping_status":"closed","sticky":false,"template":"","format":"standard","meta":{"sfsi_plus_gutenberg_text_before_share":"","sfsi_plus_gutenberg_show_text_before_share":"","sfsi_plus_gutenberg_icon_type":"","sfsi_plus_gutenberg_icon_alignemt":"","sfsi_plus_gutenburg_max_per_row":"","footnotes":""},"categories":[11],"tags":[],"class_list":["post-40694","post","type-post","status-publish","format-standard","has-post-thumbnail","hentry","category-politica"],"_links":{"self":[{"href":"https:\/\/www.caririemacao.com\/1\/wp-json\/wp\/v2\/posts\/40694","targetHints":{"allow":["GET"]}}],"collection":[{"href":"https:\/\/www.caririemacao.com\/1\/wp-json\/wp\/v2\/posts"}],"about":[{"href":"https:\/\/www.caririemacao.com\/1\/wp-json\/wp\/v2\/types\/post"}],"author":[{"embeddable":true,"href":"https:\/\/www.caririemacao.com\/1\/wp-json\/wp\/v2\/users\/2"}],"replies":[{"embeddable":true,"href":"https:\/\/www.caririemacao.com\/1\/wp-json\/wp\/v2\/comments?post=40694"}],"version-history":[{"count":0,"href":"https:\/\/www.caririemacao.com\/1\/wp-json\/wp\/v2\/posts\/40694\/revisions"}],"wp:featuredmedia":[{"embeddable":true,"href":"https:\/\/www.caririemacao.com\/1\/wp-json\/wp\/v2\/media\/40697"}],"wp:attachment":[{"href":"https:\/\/www.caririemacao.com\/1\/wp-json\/wp\/v2\/media?parent=40694"}],"wp:term":[{"taxonomy":"category","embeddable":true,"href":"https:\/\/www.caririemacao.com\/1\/wp-json\/wp\/v2\/categories?post=40694"},{"taxonomy":"post_tag","embeddable":true,"href":"https:\/\/www.caririemacao.com\/1\/wp-json\/wp\/v2\/tags?post=40694"}],"curies":[{"name":"wp","href":"https:\/\/api.w.org\/{rel}","templated":true}]}}