{"id":40699,"date":"2018-02-12T10:09:35","date_gmt":"2018-02-12T13:09:35","guid":{"rendered":"http:\/\/caririemacao.com\/1\/?p=40699"},"modified":"2018-02-12T10:09:35","modified_gmt":"2018-02-12T13:09:35","slug":"votacao-da-pauta-de-seguranca-continua-depois-do-carnaval","status":"publish","type":"post","link":"https:\/\/www.caririemacao.com\/1\/2018\/02\/12\/votacao-da-pauta-de-seguranca-continua-depois-do-carnaval\/","title":{"rendered":"Vota\u00e7\u00e3o da pauta de seguran\u00e7a continua depois do Carnaval"},"content":{"rendered":"<p>O presidente do Senado, Eun\u00edcio Oliveira, agendou para a sess\u00e3o deliberativa do pr\u00f3ximo dia 20 a continua\u00e7\u00e3o da vota\u00e7\u00e3o dos projetos da pauta de seguran\u00e7a p\u00fablica da Casa, anunciada por ele na abertura do ano legislativo. O primeiro item a ser analisado deve ser a Proposta de Emenda \u00e0 Constitui\u00e7\u00e3o (PEC)\u00a0<a class=\"external-link\" href=\"http:\/\/www25.senado.leg.br\/web\/atividade\/materias\/-\/materia\/103510\">118\/2011<\/a>, que impede o bloqueio de recursos or\u00e7ament\u00e1rios destinados aos fundos de seguran\u00e7a.<\/p>\n<p>\u2013 Os nove itens que anunciamos na abertura dos trabalhos do Congresso, se Deus quiser, vou entreg\u00e1-los, n\u00e3o apenas na fala, mas na pr\u00e1tica, na aprova\u00e7\u00e3o e no encaminhamento \u00e0 C\u00e2mara dos Deputados \u2013 assegurou, em entrevista nesta quinta-feira (8).<\/p>\n<p>Eun\u00edcio Oliveira defendeu ainda a cria\u00e7\u00e3o de um Sistema Integrado de Seguran\u00e7a P\u00fablica, a exemplo do Sistema \u00danico de Sa\u00fade (SUS), que \u00e9 unificado, com responsabilidades definidas para cada ente federativo e com a escolha de prioridades para a aloca\u00e7\u00e3o de recursos. O mesmo ocorre com a Educa\u00e7\u00e3o, mencionou ainda.<\/p>\n<p>\u2013 E na Seguran\u00e7a P\u00fablica, qual o sistema integrado que n\u00f3s temos? Temos o Funpen [Fundo Penitenci\u00e1rio Nacional], com recursos que n\u00e3o s\u00e3o alargados, digamos assim, para efeito da sua aplica\u00e7\u00e3o. Pode construir penitenci\u00e1ria ou outras coisas, mas n\u00e3o pode comprar armas. Temos que fazer algo integrado \u2013 defendeu.<\/p>\n<p>Por isso, ele anunciou que a comiss\u00e3o especial criada pelo presidente da C\u00e2mara dos Deputados, Rodrigo Maia, com a participa\u00e7\u00e3o do ministro do Supremo Tribunal Federal (STF), Alexandre de Moraes, para tratar da seguran\u00e7a p\u00fablica e estudar a possibilidade de unifica\u00e7\u00e3o desse sistema, tamb\u00e9m contar\u00e1 com a participa\u00e7\u00e3o de senadores.<\/p>\n<p>\u2013 Combinamos, eu e Rodrigo, que transformar\u00edamos essa comiss\u00e3o em uma comiss\u00e3o do Congresso Nacional, para encontrarmos uma sa\u00edda \u2013 disse.<\/p>\n<p>Esse grupo deve elaborar propostas que alterem pontos da legisla\u00e7\u00e3o para auxiliar no combate ao narcotr\u00e1fico e ao contrabando, como forma de facilitar o rastreamento de recursos oriundos do tr\u00e1fico de armas e drogas. Deve, ainda, trabalhar para a interconex\u00e3o das intelig\u00eancias dos sistemas de seguran\u00e7a do pa\u00eds \u2013 Agencia Brasileira de Intelig\u00eancia (Abin), Minist\u00e9rio P\u00fablico, pol\u00edcias civis e militares e at\u00e9 mesmo a Pol\u00edcia Legislativa, entre outros \u2013 que, hoje, n\u00e3o conversam entre si.<\/p>\n<p><strong>CARIRI EM A\u00c7\u00c3O<\/strong><\/p>\n<p><em>Com Ag\u00eancia Senado \/Foto: Marcos Brand\u00e3o\/Senado Federal<\/em><\/p>\n<p><strong>Leia mais not\u00edcias em\u00a0<\/strong><a href=\"http:\/\/www.caririemacao.com\/\"><strong>caririemacao.com<\/strong><\/a><strong>, siga nossa p\u00e1gina no\u00a0<\/strong><a href=\"https:\/\/www.facebook.com\/CaririEmAcao\/?ref=aymt_homepage_panel\"><strong>Facebook<\/strong><\/a>,<strong>\u00a0<\/strong><a href=\"https:\/\/www.instagram.com\/cariri_em_acao\/?hl=pt-br\"><strong>Instagram<\/strong><\/a><strong>\u00a0e <\/strong><a href=\"https:\/\/www.youtube.com\/channel\/UCAptA0jQuYQy8vMhLt2m4qg\"><strong>Youtube<\/strong><\/a><strong>\u00a0e veja nossas mat\u00e9rias, v\u00eddeos e fotos. Voc\u00ea tamb\u00e9m pode enviar informa\u00e7\u00f5es \u00e0 Reda\u00e7\u00e3o do Portal Cariri em A\u00e7\u00e3o pelo WhatsApp (83) 9 9634.5791, (83) 9 9601-1162.<\/strong><\/p>\n","protected":false},"excerpt":{"rendered":"<p>O presidente do Senado, Eun\u00edcio Oliveira, agendou para a sess\u00e3o deliberativa do pr\u00f3ximo dia 20 a continua\u00e7\u00e3o da vota\u00e7\u00e3o dos projetos da pauta de seguran\u00e7a&hellip; <\/p>\n","protected":false},"author":2,"featured_media":40701,"comment_status":"closed","ping_status":"closed","sticky":false,"template":"","format":"standard","meta":{"sfsi_plus_gutenberg_text_before_share":"","sfsi_plus_gutenberg_show_text_before_share":"","sfsi_plus_gutenberg_icon_type":"","sfsi_plus_gutenberg_icon_alignemt":"","sfsi_plus_gutenburg_max_per_row":"","footnotes":""},"categories":[11],"tags":[],"class_list":["post-40699","post","type-post","status-publish","format-standard","has-post-thumbnail","hentry","category-politica"],"_links":{"self":[{"href":"https:\/\/www.caririemacao.com\/1\/wp-json\/wp\/v2\/posts\/40699","targetHints":{"allow":["GET"]}}],"collection":[{"href":"https:\/\/www.caririemacao.com\/1\/wp-json\/wp\/v2\/posts"}],"about":[{"href":"https:\/\/www.caririemacao.com\/1\/wp-json\/wp\/v2\/types\/post"}],"author":[{"embeddable":true,"href":"https:\/\/www.caririemacao.com\/1\/wp-json\/wp\/v2\/users\/2"}],"replies":[{"embeddable":true,"href":"https:\/\/www.caririemacao.com\/1\/wp-json\/wp\/v2\/comments?post=40699"}],"version-history":[{"count":0,"href":"https:\/\/www.caririemacao.com\/1\/wp-json\/wp\/v2\/posts\/40699\/revisions"}],"wp:featuredmedia":[{"embeddable":true,"href":"https:\/\/www.caririemacao.com\/1\/wp-json\/wp\/v2\/media\/40701"}],"wp:attachment":[{"href":"https:\/\/www.caririemacao.com\/1\/wp-json\/wp\/v2\/media?parent=40699"}],"wp:term":[{"taxonomy":"category","embeddable":true,"href":"https:\/\/www.caririemacao.com\/1\/wp-json\/wp\/v2\/categories?post=40699"},{"taxonomy":"post_tag","embeddable":true,"href":"https:\/\/www.caririemacao.com\/1\/wp-json\/wp\/v2\/tags?post=40699"}],"curies":[{"name":"wp","href":"https:\/\/api.w.org\/{rel}","templated":true}]}}