{"id":40702,"date":"2018-02-12T10:11:11","date_gmt":"2018-02-12T13:11:11","guid":{"rendered":"http:\/\/caririemacao.com\/1\/?p=40702"},"modified":"2018-02-12T10:11:11","modified_gmt":"2018-02-12T13:11:11","slug":"especialista-alerta-sobre-cuidados-com-a-saude-bucal-na-terceira-idade","status":"publish","type":"post","link":"https:\/\/www.caririemacao.com\/1\/2018\/02\/12\/especialista-alerta-sobre-cuidados-com-a-saude-bucal-na-terceira-idade\/","title":{"rendered":"Especialista alerta sobre cuidados com a sa\u00fade bucal na terceira idade"},"content":{"rendered":"<p>Com o avan\u00e7o da idade, a higiene bucal deve ser realizada com delicadeza e cuidados espec\u00edficos. Com o aumento da\u00a0expectativa de vida, os idosos se mant\u00e9m ativos e se dedicam cada vez mais ao cuidado com a sa\u00fade e beleza dos dentes. A m\u00e1 higieniza\u00e7\u00e3o bucal, sintomas ligados a doen\u00e7as, rea\u00e7\u00e3o a medicamentos e o uso e manuten\u00e7\u00e3o de pr\u00f3teses e implantes exigem n\u00e3o s\u00f3 aten\u00e7\u00e3o, mas tamb\u00e9m a busca por profissionais com experi\u00eancia no tratamento de idosos. Ta\u00eds Cristina da Rosa, cirurgi\u00e3- dentista que integra o time de profissionais da OdontoGalerie, cl\u00ednica de alto padr\u00e3o em Odontologia, em Jo\u00e3o Pessoa, afirma que apesar de todo cuidado, existem problemas bucais que s\u00e3o bem comuns nessa fase da vida. \u201c\u00c9 bastante comum a ocorr\u00eancia da doen\u00e7a periodontal, que afeta gengiva e ossos que suportam o dente, c\u00e1rie e les\u00f5es bucais pela m\u00e1 adapta\u00e7\u00e3o das pr\u00f3teses\u201d, explica. De acordo com ela, outro problema comum que incomoda os idosos \u00e9 a xerostomia.<\/p>\n<p>\u201cCaracterizada pela redu\u00e7\u00e3o de volume da saliva produzida e disfun\u00e7\u00e3o das gl\u00e2ndulas salivares, a doen\u00e7a pode ser causada por medicamentos ou por dist\u00farbios da sa\u00fade, mais comuns na terceira idade\u201d, conta. \u201cPor isso, beber muita \u00e1gua pode ajudar a combater os sintomas, mas se n\u00e3o for tratado, o problema pode prejudicar a sa\u00fade bucal. A boca \u00e9 aonde inicia o sistema digestivo, e precisamos estar com a sa\u00fade bucal em dia para n\u00e3o provocar danos a outros \u00f3rg\u00e3os. Portanto, o dentista \u00e9 a melhor pessoa para recomendar o tratamento ideal\u201d, afirma Ta\u00eds.<\/p>\n<p>Para auxiliar no cuidado com a sa\u00fade bucal na terceira idade, a profissional d\u00e1 algumas dicas. Confira:<\/p>\n<p>1. Higieniza\u00e7\u00e3o correta e adequada<\/p>\n<p>Realizar a higiene di\u00e1ria correta \u00e9 mais do que importante para a sa\u00fade bucal. Escovar os dentes assim que acordar e ap\u00f3s as refei\u00e7\u00f5es do dia-a-dia \u00e9 uma das maneiras mais eficazes de se manter a sa\u00fade bucal. Vale ressaltar que \u00e9 necess\u00e1ria a higieniza\u00e7\u00e3o da l\u00edngua e tamb\u00e9m o uso do fio dental diariamente, a fim de manter os dentes e bocas sempre limpos.<\/p>\n<p>2. Cuidado com as pr\u00f3teses<\/p>\n<p>\u00c9 comum que pessoas da terceira idade fa\u00e7am uso de pr\u00f3teses, sejam totais ou parciais. Elas devem sempre ser higienizadas ap\u00f3s as refei\u00e7\u00f5es. Al\u00e9m disso, recomenda-se que, ao menos duas vezes por semana, elas sejam colocadas de molho por 30 minutos em uma solu\u00e7\u00e3o com \u00e1gua e uma colher de ch\u00e1 de bicarbonato de s\u00f3dio, ou ent\u00e3o utilizar comprimidos efervescentes comercializados em farm\u00e1cias que s\u00e3o pr\u00f3prios para limpeza de pr\u00f3teses<\/p>\n<p>3. Aten\u00e7\u00e3o \u00e0s altera\u00e7\u00f5es<\/p>\n<p>Pr\u00f3teses odontol\u00f3gicas facilitam muito a vida de quem est\u00e1 na terceira idade, mas \u00e9 necess\u00e1rio que haja uma boa adapta\u00e7\u00e3o a elas. Em casos onde h\u00e1 mal ajustes, les\u00f5es podem surgir, e, com o passar do tempo, dar origem a ferimentos e at\u00e9 tumores cancer\u00edgenos bucais. Dessa forma, \u00e9 muito importante estar sempre atento ao surgimento de altera\u00e7\u00f5es em todas as partes da cavidade oral, como c\u00e9u da boca, l\u00edngua, bochechas e gengiva.<\/p>\n<p>4. Cuide de sua sa\u00fade geral<\/p>\n<p>Doen\u00e7as como o diabetes, osteoporose e tamb\u00e9m dist\u00farbios cardiovasculares podem gerar problemas bucais, como ressecamento oral, perda de dentes e surgimento de patologias, por exemplo. Por isso, ao cuidar da sa\u00fade geral, voc\u00ea estar\u00e1 cuidando indiretamente de sua sa\u00fade bucal.<\/p>\n<p>5. Visite regularmente o seu dentista<\/p>\n<p>Fa\u00e7a consultas regulares ao seu dentista, seja para preven\u00e7\u00e3o ou para corre\u00e7\u00e3o de problemas.<\/p>\n<p>6. Cuide bem da sua gengiva<\/p>\n<p>A gengivite \u00e9 um problema que afeta pessoas de todas as idades, mas para aquelas que j\u00e1 passaram de 40 anos ela pode se tornar agravante por conta de v\u00e1rios fatores como a m\u00e1 alimenta\u00e7\u00e3o, higiene bucal inadequada, doen\u00e7as sist\u00eamicas, desequilibrio hormonal, estresse, fumo e alguns medicamentos que podem influenciar estes problemas.<\/p>\n<p>7. A sensibilidade pode aumentar com a idade<\/p>\n<p>Nessa fase \u00e9 comum seus dentes ficarem mais sens\u00edveis. Com o passar do tempo a gengiva vai se deslocando para cima nos dentes superiores e para baixo nos dentes inferiores, fazendo com que a raiz dos nossos dentes, que n\u00e3o possuem a prote\u00e7\u00e3o do esmalte, fiquem expostas. Estas \u00e1reas podem ser particularmente doloridas quando atingidas por alimentos quentes, frios e doces. Se seus dentes estiverem muito sens\u00edveis, experimente um creme dental apropriado. Se o problema persistir, \u00e9 melhor consultar o dentista, j\u00e1 que esta sensibilidade pode indicar a exist\u00eancia de c\u00e1ries ou dente fraturado.<\/p>\n<p>8. A perfeita escova\u00e7\u00e3o<\/p>\n<p>Usando ou n\u00e3o a pr\u00f3tese dent\u00e1ria, \u00e9 muito importante realizar uma boa escova\u00e7\u00e3o todos os dias ap\u00f3s as refei\u00e7\u00f5es. O uso de fio dental e enxaguante bucal vale para todo mundo, incluindo quem faz uso de um pr\u00f3tese remov\u00edvel.<\/p>\n<p><strong>CARIRI EM A\u00c7\u00c3O<\/strong><\/p>\n<p><em>Com PB News \/Foto:\u00a0PB News<\/em><\/p>\n<p><strong>Leia mais not\u00edcias em\u00a0<\/strong><a href=\"http:\/\/www.caririemacao.com\/\"><strong>caririemacao.com<\/strong><\/a><strong>, siga nossa p\u00e1gina no\u00a0<\/strong><a href=\"https:\/\/www.facebook.com\/CaririEmAcao\/?ref=aymt_homepage_panel\"><strong>Facebook<\/strong><\/a>,<strong>\u00a0<\/strong><a href=\"https:\/\/www.instagram.com\/cariri_em_acao\/?hl=pt-br\"><strong>Instagram<\/strong><\/a><strong>\u00a0e\u00a0<\/strong><a href=\"https:\/\/www.youtube.com\/channel\/UCAptA0jQuYQy8vMhLt2m4qg\"><strong>Youtube<\/strong><\/a><strong>\u00a0e veja nossas mat\u00e9rias, v\u00eddeos e fotos. Voc\u00ea tamb\u00e9m pode enviar informa\u00e7\u00f5es \u00e0 Reda\u00e7\u00e3o do Portal Cariri em A\u00e7\u00e3o pelo WhatsApp (83) 9 9634.5791, (83) 9 9601-1162.<\/strong><\/p>\n","protected":false},"excerpt":{"rendered":"<p>Com o avan\u00e7o da idade, a higiene bucal deve ser realizada com delicadeza e cuidados espec\u00edficos. Com o aumento da\u00a0expectativa de vida, os idosos se&hellip; <\/p>\n","protected":false},"author":2,"featured_media":40704,"comment_status":"closed","ping_status":"closed","sticky":false,"template":"","format":"standard","meta":{"sfsi_plus_gutenberg_text_before_share":"","sfsi_plus_gutenberg_show_text_before_share":"","sfsi_plus_gutenberg_icon_type":"","sfsi_plus_gutenberg_icon_alignemt":"","sfsi_plus_gutenburg_max_per_row":"","footnotes":""},"categories":[16],"tags":[],"class_list":["post-40702","post","type-post","status-publish","format-standard","has-post-thumbnail","hentry","category-saude"],"_links":{"self":[{"href":"https:\/\/www.caririemacao.com\/1\/wp-json\/wp\/v2\/posts\/40702","targetHints":{"allow":["GET"]}}],"collection":[{"href":"https:\/\/www.caririemacao.com\/1\/wp-json\/wp\/v2\/posts"}],"about":[{"href":"https:\/\/www.caririemacao.com\/1\/wp-json\/wp\/v2\/types\/post"}],"author":[{"embeddable":true,"href":"https:\/\/www.caririemacao.com\/1\/wp-json\/wp\/v2\/users\/2"}],"replies":[{"embeddable":true,"href":"https:\/\/www.caririemacao.com\/1\/wp-json\/wp\/v2\/comments?post=40702"}],"version-history":[{"count":0,"href":"https:\/\/www.caririemacao.com\/1\/wp-json\/wp\/v2\/posts\/40702\/revisions"}],"wp:featuredmedia":[{"embeddable":true,"href":"https:\/\/www.caririemacao.com\/1\/wp-json\/wp\/v2\/media\/40704"}],"wp:attachment":[{"href":"https:\/\/www.caririemacao.com\/1\/wp-json\/wp\/v2\/media?parent=40702"}],"wp:term":[{"taxonomy":"category","embeddable":true,"href":"https:\/\/www.caririemacao.com\/1\/wp-json\/wp\/v2\/categories?post=40702"},{"taxonomy":"post_tag","embeddable":true,"href":"https:\/\/www.caririemacao.com\/1\/wp-json\/wp\/v2\/tags?post=40702"}],"curies":[{"name":"wp","href":"https:\/\/api.w.org\/{rel}","templated":true}]}}