{"id":40708,"date":"2018-02-12T10:16:37","date_gmt":"2018-02-12T13:16:37","guid":{"rendered":"http:\/\/caririemacao.com\/1\/?p=40708"},"modified":"2018-02-12T10:16:37","modified_gmt":"2018-02-12T13:16:37","slug":"corinthians-contrata-artilheiro-do-futebol-brasileiro-em-2018","status":"publish","type":"post","link":"https:\/\/www.caririemacao.com\/1\/2018\/02\/12\/corinthians-contrata-artilheiro-do-futebol-brasileiro-em-2018\/","title":{"rendered":"Corinthians contrata artilheiro do futebol brasileiro em 2018"},"content":{"rendered":"<p>A busca corintiana por um substituto para J\u00f4 pode ter acabado. Isto porque o Corinthians contratou o atacante Matheus, artilheiro do futebol brasileiro no ano, junto ao ABC, de Natal. A informa\u00e7\u00e3o foi confirmada neste s\u00e1bado (10), pelo clube do Rio Grande do Norte, por meio de suas redes sociais.<\/p>\n<p>Matheus, de 19 anos, \u00e9 o maior goleador de 2018 no Brasil. O jovem atacante j\u00e1 marcou nove gols na temporada, sendo cinco deles pelo Campeonato Potiguar e outros quatro na Copa do Nordeste.<\/p>\n<p>Desde a sa\u00edda de J\u00f4, artilheiro da \u00faltima edi\u00e7\u00e3o do Campeonato Brasileiro, conquistado pelo Corinthians, o t\u00e9cnico F\u00e1bio Carrile vive um dilema sobre o substituto do centroavante: dar a titularidade a Kazim, ao rec\u00e9m-chegado J\u00fanior Dutra ou buscar no mercado da bola um novo nome.<\/p>\n<p>Matheus ter\u00e1 contrato de cinco anos com o clube paulista. Antes de vir a S\u00e3o Paulo, o atacante de 19 anos dever\u00e1 atuar ainda por mais duas partidas pela equipe potiguar.<\/p>\n<p><strong>CARIRI EM A\u00c7\u00c3O<\/strong><\/p>\n<p><em>Com R7\/Foto:Reprodu\u00e7\u00e3o Internet\u00a0<\/em><\/p>\n<p><strong>Leia mais not\u00edcias em\u00a0<\/strong><a href=\"http:\/\/www.caririemacao.com\/\"><strong>caririemacao.com<\/strong><\/a><strong>, siga nossa p\u00e1gina no\u00a0<\/strong><a href=\"https:\/\/www.facebook.com\/CaririEmAcao\/?ref=aymt_homepage_panel\"><strong>Facebook<\/strong><\/a>,<strong>\u00a0<\/strong><a href=\"https:\/\/www.instagram.com\/cariri_em_acao\/?hl=pt-br\"><strong>Instagram<\/strong><\/a><strong>\u00a0e <\/strong><a href=\"https:\/\/www.youtube.com\/channel\/UCAptA0jQuYQy8vMhLt2m4qg\"><strong>Youtube<\/strong><\/a><strong>\u00a0e veja nossas mat\u00e9rias, v\u00eddeos e fotos. Voc\u00ea tamb\u00e9m pode enviar informa\u00e7\u00f5es \u00e0 Reda\u00e7\u00e3o do Portal Cariri em A\u00e7\u00e3o pelo WhatsApp (83) 9 9634.5791, (83) 9 9601-1162.<\/strong><\/p>\n","protected":false},"excerpt":{"rendered":"<p>A busca corintiana por um substituto para J\u00f4 pode ter acabado. Isto porque o Corinthians contratou o atacante Matheus, artilheiro do futebol brasileiro no ano,&hellip; <\/p>\n","protected":false},"author":2,"featured_media":40710,"comment_status":"closed","ping_status":"closed","sticky":false,"template":"","format":"standard","meta":{"sfsi_plus_gutenberg_text_before_share":"","sfsi_plus_gutenberg_show_text_before_share":"","sfsi_plus_gutenberg_icon_type":"","sfsi_plus_gutenberg_icon_alignemt":"","sfsi_plus_gutenburg_max_per_row":"","footnotes":""},"categories":[13],"tags":[],"class_list":["post-40708","post","type-post","status-publish","format-standard","has-post-thumbnail","hentry","category-esportes"],"_links":{"self":[{"href":"https:\/\/www.caririemacao.com\/1\/wp-json\/wp\/v2\/posts\/40708","targetHints":{"allow":["GET"]}}],"collection":[{"href":"https:\/\/www.caririemacao.com\/1\/wp-json\/wp\/v2\/posts"}],"about":[{"href":"https:\/\/www.caririemacao.com\/1\/wp-json\/wp\/v2\/types\/post"}],"author":[{"embeddable":true,"href":"https:\/\/www.caririemacao.com\/1\/wp-json\/wp\/v2\/users\/2"}],"replies":[{"embeddable":true,"href":"https:\/\/www.caririemacao.com\/1\/wp-json\/wp\/v2\/comments?post=40708"}],"version-history":[{"count":0,"href":"https:\/\/www.caririemacao.com\/1\/wp-json\/wp\/v2\/posts\/40708\/revisions"}],"wp:featuredmedia":[{"embeddable":true,"href":"https:\/\/www.caririemacao.com\/1\/wp-json\/wp\/v2\/media\/40710"}],"wp:attachment":[{"href":"https:\/\/www.caririemacao.com\/1\/wp-json\/wp\/v2\/media?parent=40708"}],"wp:term":[{"taxonomy":"category","embeddable":true,"href":"https:\/\/www.caririemacao.com\/1\/wp-json\/wp\/v2\/categories?post=40708"},{"taxonomy":"post_tag","embeddable":true,"href":"https:\/\/www.caririemacao.com\/1\/wp-json\/wp\/v2\/tags?post=40708"}],"curies":[{"name":"wp","href":"https:\/\/api.w.org\/{rel}","templated":true}]}}