{"id":40714,"date":"2018-02-12T15:59:52","date_gmt":"2018-02-12T18:59:52","guid":{"rendered":"http:\/\/caririemacao.com\/1\/?p=40714"},"modified":"2018-02-12T15:59:52","modified_gmt":"2018-02-12T18:59:52","slug":"mae-dorme-sobre-bebe-e-crianca-morre-sufocada","status":"publish","type":"post","link":"https:\/\/www.caririemacao.com\/1\/2018\/02\/12\/mae-dorme-sobre-bebe-e-crianca-morre-sufocada\/","title":{"rendered":"M\u00e3e dorme sobre beb\u00ea e crian\u00e7a morre sufocada"},"content":{"rendered":"<p>Um beb\u00ea com pouco mais de um m\u00eas de vida morreu, na madrugada desta segunda-feira (12), ap\u00f3s ser provavelmente sufocado pela pr\u00f3pria m\u00e3e, uma adolescente de 17 anos, enquanto dormia. O caso aconteceu dentro da casa onde m\u00e3e e crian\u00e7a moravam, no bairro do Valentina, Zona Sul de Jo\u00e3o Pessoa.<\/p>\n<p>Ao\u00a0Portal Correio, um policial civil da Delegacia de Homic\u00eddios informou que a m\u00e3e percebeu que o beb\u00ea estava morto cerca de uma hora ap\u00f3s acordar e estranhar a crian\u00e7a n\u00e3o ter chorado para se alimentar.<\/p>\n<p>\u201cEla relatou aqui na Delegacia que na noite de domingo ingeriu bebidas alco\u00f3licas e, quando chegou em casa, deu de mamar ao beb\u00ea e o colocou na cama. Depois disso, ela contou que lembra apenas de ter ido dormir e acordar hoje. Nem ela sabe o que aconteceu direito, mas acreditamos que a m\u00e3e dormiu por cima do beb\u00ea o ele morreu sufocado\u201d, contou o policial.<\/p>\n<p>A adolescente foi encaminhada para a Delegacia da Inf\u00e2ncia, onde prestava depoimento at\u00e9 as 14h30. O corpo da crian\u00e7a foi encaminhado a Ger\u00eancia de Medicina e Odontologia Legal de Jo\u00e3o Pessoa (<em>Gemol<\/em>), onde ir\u00e1 passar por necropsia para confirmar a causa da morte.<\/p>\n<p><strong>CARIRI EM A\u00c7\u00c3O<\/strong><\/p>\n<p><em>Com Portal Correio \/ Foto: Reprodu\u00e7\u00e3o google<\/em><\/p>\n<p><strong>Leia mais not\u00edcias em\u00a0<\/strong><a href=\"http:\/\/www.caririemacao.com\/\"><strong>caririemacao.com<\/strong><\/a><strong>, siga nossa p\u00e1gina no\u00a0<\/strong><a href=\"https:\/\/www.facebook.com\/CaririEmAcao\/?ref=aymt_homepage_panel\"><strong>Facebook<\/strong><\/a>,<strong>\u00a0<\/strong><a href=\"https:\/\/www.instagram.com\/cariri_em_acao\/?hl=pt-br\"><strong>Instagram<\/strong><\/a><strong>\u00a0e\u00a0<\/strong><a href=\"https:\/\/www.youtube.com\/channel\/UCAptA0jQuYQy8vMhLt2m4qg\"><strong>Youtube<\/strong><\/a><strong>\u00a0e veja nossas mat\u00e9rias, v\u00eddeos e fotos. Voc\u00ea tamb\u00e9m pode enviar informa\u00e7\u00f5es \u00e0 Reda\u00e7\u00e3o do Portal Cariri em A\u00e7\u00e3o pelo WhatsApp (83) 9 9634.5791, (83) 9 9601-1162.<\/strong><\/p>\n","protected":false},"excerpt":{"rendered":"<p>Um beb\u00ea com pouco mais de um m\u00eas de vida morreu, na madrugada desta segunda-feira (12), ap\u00f3s ser provavelmente sufocado pela pr\u00f3pria m\u00e3e, uma adolescente&hellip; <\/p>\n","protected":false},"author":2,"featured_media":40715,"comment_status":"closed","ping_status":"closed","sticky":false,"template":"","format":"standard","meta":{"sfsi_plus_gutenberg_text_before_share":"","sfsi_plus_gutenberg_show_text_before_share":"","sfsi_plus_gutenberg_icon_type":"","sfsi_plus_gutenberg_icon_alignemt":"","sfsi_plus_gutenburg_max_per_row":"","footnotes":""},"categories":[12],"tags":[],"class_list":["post-40714","post","type-post","status-publish","format-standard","has-post-thumbnail","hentry","category-policia"],"_links":{"self":[{"href":"https:\/\/www.caririemacao.com\/1\/wp-json\/wp\/v2\/posts\/40714","targetHints":{"allow":["GET"]}}],"collection":[{"href":"https:\/\/www.caririemacao.com\/1\/wp-json\/wp\/v2\/posts"}],"about":[{"href":"https:\/\/www.caririemacao.com\/1\/wp-json\/wp\/v2\/types\/post"}],"author":[{"embeddable":true,"href":"https:\/\/www.caririemacao.com\/1\/wp-json\/wp\/v2\/users\/2"}],"replies":[{"embeddable":true,"href":"https:\/\/www.caririemacao.com\/1\/wp-json\/wp\/v2\/comments?post=40714"}],"version-history":[{"count":0,"href":"https:\/\/www.caririemacao.com\/1\/wp-json\/wp\/v2\/posts\/40714\/revisions"}],"wp:featuredmedia":[{"embeddable":true,"href":"https:\/\/www.caririemacao.com\/1\/wp-json\/wp\/v2\/media\/40715"}],"wp:attachment":[{"href":"https:\/\/www.caririemacao.com\/1\/wp-json\/wp\/v2\/media?parent=40714"}],"wp:term":[{"taxonomy":"category","embeddable":true,"href":"https:\/\/www.caririemacao.com\/1\/wp-json\/wp\/v2\/categories?post=40714"},{"taxonomy":"post_tag","embeddable":true,"href":"https:\/\/www.caririemacao.com\/1\/wp-json\/wp\/v2\/tags?post=40714"}],"curies":[{"name":"wp","href":"https:\/\/api.w.org\/{rel}","templated":true}]}}