{"id":40717,"date":"2018-02-12T16:10:07","date_gmt":"2018-02-12T19:10:07","guid":{"rendered":"http:\/\/caririemacao.com\/1\/?p=40717"},"modified":"2018-02-12T16:10:07","modified_gmt":"2018-02-12T19:10:07","slug":"populacao-de-assuncao-na-pb-viaja-120-km-para-encontrar-delegacia-aberta","status":"publish","type":"post","link":"https:\/\/www.caririemacao.com\/1\/2018\/02\/12\/populacao-de-assuncao-na-pb-viaja-120-km-para-encontrar-delegacia-aberta\/","title":{"rendered":"Popula\u00e7\u00e3o de Assun\u00e7\u00e3o, na PB, viaja 120 km para encontrar delegacia aberta"},"content":{"rendered":"<div class=\"mc-column content-text active-extra-styles active-capital-letter\" data-block-type=\"unstyled\" data-block-weight=\"61\" data-block-id=\"2\">\n<p class=\"content-text__container theme-color-primary-first-letter\" data-track-category=\"Link no Texto\" data-track-links=\"\">Viajar mais de 240 quil\u00f4metros, sendo 120 km para ida e o mesmo para a volta, para fazer um simples boletim de ocorr\u00eancia ou realizar uma pris\u00e3o em flagrante. Essa \u00e9 a realidade dos moradores que s\u00e3o v\u00edtimas de crimes ou de policiais que atenderem ocorr\u00eancias na cidade de Assun\u00e7\u00e3o, no Cariri paraibano, ap\u00f3s as 18h ou nos fins de semana.<\/p>\n<\/div>\n<div class=\"mc-column content-text active-extra-styles \" data-block-type=\"unstyled\" data-block-weight=\"24\" data-block-id=\"3\">\n<p class=\"content-text__container \" data-track-category=\"Link no Texto\" data-track-links=\"\">Esse problema tem ocorrido por falta de delegados de plant\u00e3o. Outros casos parecidos tamb\u00e9m s\u00e3o registrados em outras regi\u00f5es do estado, pelo mesmo motivo.<\/p>\n<\/div>\n<div class=\"mc-column content-text active-extra-styles \" data-block-type=\"unstyled\" data-block-weight=\"43\" data-block-id=\"4\">\n<p class=\"content-text__container \" data-track-category=\"Link no Texto\" data-track-links=\"\">O problema envolvendo as delegacias de Pol\u00edcia Civil come\u00e7a j\u00e1 na cidade de Assun\u00e7\u00e3o. Apesar de ter uma delegacia f\u00edsica, o delegado respons\u00e1vel pela cidade, Ariosvaldo Adelino de Melo, tamb\u00e9m atua na delegacia de Pol\u00edcia Civil em Tapero\u00e1, munic\u00edpio vizinho, acumulando as atribui\u00e7\u00f5es.<\/p>\n<\/div>\n<div class=\"mc-column content-text active-extra-styles \" data-block-type=\"unstyled\" data-block-weight=\"58\" data-block-id=\"5\">\n<p class=\"content-text__container \" data-track-category=\"Link no Texto\" data-track-links=\"\">O delegado Ariosvaldo explica que fica a maior parte do tempo em Tapero\u00e1. \u201cEm Assun\u00e7\u00e3o existe um comiss\u00e1rio de plant\u00e3o, mas \u00e0s vezes ele tamb\u00e9m precisa ir a Tapero\u00e1. Eu vou alguns dias da semana a Assun\u00e7\u00e3o, mas geralmente s\u00f3 em caso de flagrante ou pra &#8216;fazer local de crime&#8217;, quando tem um homic\u00eddio, por exemplo\u201d, disse ele.<\/p>\n<\/div>\n<div class=\"mc-column content-text active-extra-styles \" data-block-type=\"unstyled\" data-block-weight=\"50\" data-block-id=\"6\">\n<p class=\"content-text__container \" data-track-category=\"Link no Texto\" data-track-links=\"\">Por este motivo, os moradores da cidade de Assun\u00e7\u00e3o precisam viajar para Tapero\u00e1, quando precisam fazer um boletim de ocorr\u00eancia. Mas, se o caso ocorrer ap\u00f3s as 18h, ou nos fins de semana, o problema \u00e9 ainda maior, porque neste hor\u00e1rio e dias a delegacia de Taper\u00e1 n\u00e3o tem expediente.<\/p>\n<\/div>\n<div class=\"mc-column content-text active-extra-styles \" data-block-type=\"unstyled\" data-block-weight=\"71\" data-block-id=\"7\">\n<p class=\"content-text__container \" data-track-category=\"Link no Texto\" data-track-links=\"\">Neste caso, todas as ocorr\u00eancias ficam concentradas na delegacia seccional de Esperan\u00e7a, no Brejo paraibano, que fica a cerca de 120 quil\u00f4metros de dist\u00e2ncia de Assun\u00e7\u00e3o, totalizando uma viagem de 240 km para ida e volta. No \u201cplant\u00e3o centralizado\u201d, a delegacia de Esperan\u00e7a fica respons\u00e1vel por atender todas as cidades que integram sua \u00e1rea de atua\u00e7\u00e3o. Assun\u00e7\u00e3o tamb\u00e9m faz parte da \u00e1rea de Esperan\u00e7a, mesmo estando a 120 quil\u00f4metros de dist\u00e2ncia.<\/p>\n<p data-track-category=\"Link no Texto\" data-track-links=\"\"><a href=\"http:\/\/caririemacao.com\/1\/wp-content\/uploads\/2018\/02\/loja-arrombada-em-assuncao.jpg\"><img fetchpriority=\"high\" decoding=\"async\" class=\"aligncenter size-full wp-image-40719\" src=\"http:\/\/caririemacao.com\/1\/wp-content\/uploads\/2018\/02\/loja-arrombada-em-assuncao.jpg\" alt=\"\" width=\"984\" height=\"616\" srcset=\"https:\/\/www.caririemacao.com\/1\/wp-content\/uploads\/2018\/02\/loja-arrombada-em-assuncao.jpg 984w, https:\/\/www.caririemacao.com\/1\/wp-content\/uploads\/2018\/02\/loja-arrombada-em-assuncao-300x188.jpg 300w, https:\/\/www.caririemacao.com\/1\/wp-content\/uploads\/2018\/02\/loja-arrombada-em-assuncao-768x481.jpg 768w\" sizes=\"(max-width: 984px) 100vw, 984px\" \/><\/a><\/p>\n<p data-track-category=\"Link no Texto\" data-track-links=\"\">Arrombamentos<\/p>\n<\/div>\n<div class=\"mc-column content-text active-extra-styles \" data-block-type=\"unstyled\" data-block-weight=\"37\" data-block-id=\"11\">\n<p class=\"content-text__container \" data-track-category=\"Link no Texto\" data-track-links=\"\">Segundo moradores e comerciantes da cidade de Assun\u00e7\u00e3o, o problema tem se agravado pela ocorr\u00eancia de crimes na cidade. Conforme o relato de moradores ao<strong>\u00a0<\/strong>G1, no m\u00eas de janeiro deste ano, ocorreram pelo menos 22 arrombamentos.<\/p>\n<\/div>\n<div class=\"mc-column content-text active-extra-styles \" data-block-type=\"unstyled\" data-block-weight=\"38\" data-block-id=\"12\">\n<p class=\"content-text__container \" data-track-category=\"Link no Texto\" data-track-links=\"\">Apenas na madrugada do dia 24 de janeiro, segundo relato de moradores, ocorreram 12 arrombamentos contra estabelecimentos como frigor\u00edfico, \u00f3tica, confeitaria, armarinhos e mercados. Entretanto, segundo a Pol\u00edcia Civil, neste dia apenas quatro casos foram registrados na delegacia.<\/p>\n<\/div>\n<div class=\"mc-column content-text active-extra-styles \" data-block-type=\"unstyled\" data-block-weight=\"50\" data-block-id=\"13\">\n<p class=\"content-text__container \" data-track-category=\"Link no Texto\" data-track-links=\"\">\u201cAqui na cidade s\u00f3 tem um escriv\u00e3o da Pol\u00edcia Civil e ele fica na cidade de Tapero\u00e1. Muitas vezes, a popula\u00e7\u00e3o quer prestar queixa, mas n\u00e3o tem como. Em janeiro teve arrombamentos, mas muitos comerciantes n\u00e3o fizeram boletim por falta de escriv\u00e3o\u201d, destacou funcion\u00e1rio p\u00fablico Patr\u00edcio Silva, morador de Assun\u00e7\u00e3o.<\/p>\n<\/div>\n<div class=\"mc-column content-media content-media--normal  content-photo\" data-block-type=\"backstage-photo\" data-block-id=\"14\">\n<div class=\"content-media__container\">\n<div class=\"content-media__description-centered \">\n<p class=\"content-media__description\">\n<\/div>\n<\/div>\n<\/div>\n<div class=\"content-ads content-ads--reveal\" data-block-type=\"ads\" data-block-id=\"15\">\n<div id=\"banner_materia__34d2efdbd60d438f8ed4454c986f03ee\" class=\"tag-manager-publicidade-container has-reveal has-ad-lazyload tag-manager-publicidade-banner_materia__34d2efdbd60d438f8ed4454c986f03ee tag-manager-publicidade-container--carregado tag-manager-publicidade-container--visivel\" data-id=\"banner_materia__34d2efdbd60d438f8ed4454c986f03ee\" data-google-query-id=\"CIW3wuOIodkCFZQkhwod76QNYg\" data-cid=\"138223782744\" data-lid=\"4562722764\"><\/div>\n<\/div>\n<div class=\"mc-column content-text active-extra-styles \" data-block-type=\"unstyled\" data-block-weight=\"69\" data-block-id=\"17\">\n<p data-track-category=\"Link no Texto\" data-track-links=\"\"><a href=\"http:\/\/caririemacao.com\/1\/wp-content\/uploads\/2018\/02\/delegacia-de-policia-civil-de-assuncao.jpg\"><img decoding=\"async\" class=\"aligncenter size-full wp-image-40720 lazyload\" data-src=\"http:\/\/caririemacao.com\/1\/wp-content\/uploads\/2018\/02\/delegacia-de-policia-civil-de-assuncao.jpg\" alt=\"\" width=\"984\" height=\"616\" data-srcset=\"https:\/\/www.caririemacao.com\/1\/wp-content\/uploads\/2018\/02\/delegacia-de-policia-civil-de-assuncao.jpg 984w, https:\/\/www.caririemacao.com\/1\/wp-content\/uploads\/2018\/02\/delegacia-de-policia-civil-de-assuncao-300x188.jpg 300w, https:\/\/www.caririemacao.com\/1\/wp-content\/uploads\/2018\/02\/delegacia-de-policia-civil-de-assuncao-768x481.jpg 768w\" data-sizes=\"(max-width: 984px) 100vw, 984px\" src=\"data:image\/svg+xml;base64,PHN2ZyB3aWR0aD0iMSIgaGVpZ2h0PSIxIiB4bWxucz0iaHR0cDovL3d3dy53My5vcmcvMjAwMC9zdmciPjwvc3ZnPg==\" style=\"--smush-placeholder-width: 984px; --smush-placeholder-aspect-ratio: 984\/616;\" \/><\/a><\/p>\n<p data-track-category=\"Link no Texto\" data-track-links=\"\">Sem previs\u00e3o<\/p>\n<p class=\"content-text__container \" data-track-category=\"Link no Texto\" data-track-links=\"\">O delegado seccional da Pol\u00edcia Civil de Esperan\u00e7a, Danilo Orengo, explicou que n\u00e3o condi\u00e7\u00f5es de se manter mais de um delegado no plant\u00e3o centralizado na regi\u00e3o, por falta de efetivo de delegados, escriv\u00e3o e agentes. Ele destacou que existe um planejamento em estudo para se implantar um plant\u00e3o centralizado na cidade de Soledade para atender parte das cidades da regi\u00e3o do Cariri e Serid\u00f3, mas ainda n\u00e3o h\u00e1 prazo.<\/p>\n<\/div>\n<div data-track-category=\"fim do conteudo\" data-track-action=\"ultimo chunk conteudo\" data-track-noninteraction=\"false\" data-track-scroll=\"entrada completa viewport\">\n<div class=\"mc-column content-text active-extra-styles \" data-block-type=\"unstyled\" data-block-weight=\"52\" data-block-id=\"18\">\n<p class=\"content-text__container \" data-track-category=\"Link no Texto\" data-track-links=\"\">\u201cInfelizmente n\u00e3o tem muito o que fazer. Ou esperar esse novo plant\u00e3o em Soledade, ou redistribuir as cidades e encaixar Assun\u00e7\u00e3o em uma seccional ou delegacia com plant\u00e3o mais pr\u00f3xima. Mas, durante a semana todas as ocorr\u00eancias ficam sob responsabilidade da delegacia de Tapero\u00e1, que \u00e9 bem mais pr\u00f3xima\u201d, disse Danilo Orengo.<\/p>\n<p><strong>CARIRI EM A\u00c7\u00c3O<\/strong><\/p>\n<p><em>Com G1\/ Foto:\u00a0Patr\u00edcio Silva<\/em><\/p>\n<p><strong>Leia mais not\u00edcias em\u00a0<\/strong><a href=\"http:\/\/www.caririemacao.com\/\"><strong>caririemacao.com<\/strong><\/a><strong>, siga nossa p\u00e1gina no\u00a0<\/strong><a href=\"https:\/\/www.facebook.com\/CaririEmAcao\/?ref=aymt_homepage_panel\"><strong>Facebook<\/strong><\/a>,<strong>\u00a0<\/strong><a href=\"https:\/\/www.instagram.com\/cariri_em_acao\/?hl=pt-br\"><strong>Instagram<\/strong><\/a><strong>\u00a0e\u00a0<\/strong><a href=\"https:\/\/www.youtube.com\/channel\/UCAptA0jQuYQy8vMhLt2m4qg\"><strong>Youtube<\/strong><\/a><strong>\u00a0e veja nossas mat\u00e9rias, v\u00eddeos e fotos. Voc\u00ea tamb\u00e9m pode enviar informa\u00e7\u00f5es \u00e0 Reda\u00e7\u00e3o do Portal Cariri em A\u00e7\u00e3o pelo WhatsApp (83) 9 9634.5791, (83) 9 9601-1162.<\/strong><\/p>\n<\/div>\n<\/div>\n","protected":false},"excerpt":{"rendered":"<p>Viajar mais de 240 quil\u00f4metros, sendo 120 km para ida e o mesmo para a volta, para fazer um simples boletim de ocorr\u00eancia ou realizar&hellip; <\/p>\n","protected":false},"author":2,"featured_media":40718,"comment_status":"closed","ping_status":"closed","sticky":false,"template":"","format":"standard","meta":{"sfsi_plus_gutenberg_text_before_share":"","sfsi_plus_gutenberg_show_text_before_share":"","sfsi_plus_gutenberg_icon_type":"","sfsi_plus_gutenberg_icon_alignemt":"","sfsi_plus_gutenburg_max_per_row":"","footnotes":""},"categories":[2],"tags":[],"class_list":["post-40717","post","type-post","status-publish","format-standard","has-post-thumbnail","hentry","category-geral"],"_links":{"self":[{"href":"https:\/\/www.caririemacao.com\/1\/wp-json\/wp\/v2\/posts\/40717","targetHints":{"allow":["GET"]}}],"collection":[{"href":"https:\/\/www.caririemacao.com\/1\/wp-json\/wp\/v2\/posts"}],"about":[{"href":"https:\/\/www.caririemacao.com\/1\/wp-json\/wp\/v2\/types\/post"}],"author":[{"embeddable":true,"href":"https:\/\/www.caririemacao.com\/1\/wp-json\/wp\/v2\/users\/2"}],"replies":[{"embeddable":true,"href":"https:\/\/www.caririemacao.com\/1\/wp-json\/wp\/v2\/comments?post=40717"}],"version-history":[{"count":0,"href":"https:\/\/www.caririemacao.com\/1\/wp-json\/wp\/v2\/posts\/40717\/revisions"}],"wp:featuredmedia":[{"embeddable":true,"href":"https:\/\/www.caririemacao.com\/1\/wp-json\/wp\/v2\/media\/40718"}],"wp:attachment":[{"href":"https:\/\/www.caririemacao.com\/1\/wp-json\/wp\/v2\/media?parent=40717"}],"wp:term":[{"taxonomy":"category","embeddable":true,"href":"https:\/\/www.caririemacao.com\/1\/wp-json\/wp\/v2\/categories?post=40717"},{"taxonomy":"post_tag","embeddable":true,"href":"https:\/\/www.caririemacao.com\/1\/wp-json\/wp\/v2\/tags?post=40717"}],"curies":[{"name":"wp","href":"https:\/\/api.w.org\/{rel}","templated":true}]}}