{"id":40722,"date":"2018-02-12T22:16:59","date_gmt":"2018-02-13T01:16:59","guid":{"rendered":"http:\/\/caririemacao.com\/1\/?p=40722"},"modified":"2018-02-13T01:03:35","modified_gmt":"2018-02-13T04:03:35","slug":"prefeitura-realiza-carnaval-em-pindurao","status":"publish","type":"post","link":"https:\/\/www.caririemacao.com\/1\/2018\/02\/12\/prefeitura-realiza-carnaval-em-pindurao\/","title":{"rendered":"Prefeitura realiza carnaval em Pindur\u00e3o"},"content":{"rendered":"<p>O distrito de Pindur\u00e3o, pertencente ao munic\u00edpio de Camala\u00fa, ficou pequeno para a quantidade de pessoas que foram participar na tarde desta segunda-feira, dia 12, do Carnaval promovido pela Prefeitura Municipal.<\/p>\n<p><a href=\"http:\/\/caririemacao.com\/1\/wp-content\/uploads\/2018\/02\/DSC_0036.jpg\"><img fetchpriority=\"high\" decoding=\"async\" class=\"aligncenter size-full wp-image-40725\" src=\"http:\/\/caririemacao.com\/1\/wp-content\/uploads\/2018\/02\/DSC_0036.jpg\" alt=\"\" width=\"1024\" height=\"683\" srcset=\"https:\/\/www.caririemacao.com\/1\/wp-content\/uploads\/2018\/02\/DSC_0036.jpg 1024w, https:\/\/www.caririemacao.com\/1\/wp-content\/uploads\/2018\/02\/DSC_0036-300x200.jpg 300w, https:\/\/www.caririemacao.com\/1\/wp-content\/uploads\/2018\/02\/DSC_0036-768x512.jpg 768w\" sizes=\"(max-width: 1024px) 100vw, 1024px\" \/><\/a><\/p>\n<p>Foli\u00f5es de diversas cidades da regi\u00e3o estiveram no distrito para pular o Carnaval ao som de Vitinho Kabuloso.<\/p>\n<p><a href=\"http:\/\/caririemacao.com\/1\/wp-content\/uploads\/2018\/02\/DSC_0086.jpg\"><img decoding=\"async\" class=\"aligncenter size-full wp-image-40726 lazyload\" data-src=\"http:\/\/caririemacao.com\/1\/wp-content\/uploads\/2018\/02\/DSC_0086.jpg\" alt=\"\" width=\"1024\" height=\"683\" data-srcset=\"https:\/\/www.caririemacao.com\/1\/wp-content\/uploads\/2018\/02\/DSC_0086.jpg 1024w, https:\/\/www.caririemacao.com\/1\/wp-content\/uploads\/2018\/02\/DSC_0086-300x200.jpg 300w, https:\/\/www.caririemacao.com\/1\/wp-content\/uploads\/2018\/02\/DSC_0086-768x512.jpg 768w\" data-sizes=\"(max-width: 1024px) 100vw, 1024px\" src=\"data:image\/svg+xml;base64,PHN2ZyB3aWR0aD0iMSIgaGVpZ2h0PSIxIiB4bWxucz0iaHR0cDovL3d3dy53My5vcmcvMjAwMC9zdmciPjwvc3ZnPg==\" style=\"--smush-placeholder-width: 1024px; --smush-placeholder-aspect-ratio: 1024\/683;\" \/><\/a><\/p>\n<p>O prefeito Sandro M\u00f4co esteve acompanhado de v\u00e1rias lideran\u00e7as pol\u00edticas como os vereadores Bhira Mariano, Netinho, C\u00e9lio do\u00a0prefeito de Cara\u00fabas Silvano Dudu e da vereadora Neide Assis.<\/p>\n<p><a href=\"http:\/\/caririemacao.com\/1\/wp-content\/uploads\/2018\/02\/page-5.jpg\"><img decoding=\"async\" class=\"aligncenter wp-image-40727 size-full lazyload\" data-src=\"http:\/\/caririemacao.com\/1\/wp-content\/uploads\/2018\/02\/page-5.jpg\" alt=\"\" width=\"600\" height=\"402\" data-srcset=\"https:\/\/www.caririemacao.com\/1\/wp-content\/uploads\/2018\/02\/page-5.jpg 600w, https:\/\/www.caririemacao.com\/1\/wp-content\/uploads\/2018\/02\/page-5-300x201.jpg 300w\" data-sizes=\"(max-width: 600px) 100vw, 600px\" src=\"data:image\/svg+xml;base64,PHN2ZyB3aWR0aD0iMSIgaGVpZ2h0PSIxIiB4bWxucz0iaHR0cDovL3d3dy53My5vcmcvMjAwMC9zdmciPjwvc3ZnPg==\" style=\"--smush-placeholder-width: 600px; --smush-placeholder-aspect-ratio: 600\/402;\" \/><\/a><\/p>\n<p><a href=\"http:\/\/caririemacao.com\/1\/wp-content\/uploads\/2018\/02\/IMG_0388.jpg\"><img decoding=\"async\" class=\"aligncenter size-full wp-image-40774 lazyload\" data-src=\"http:\/\/caririemacao.com\/1\/wp-content\/uploads\/2018\/02\/IMG_0388.jpg\" alt=\"\" width=\"5184\" height=\"3456\" data-srcset=\"https:\/\/www.caririemacao.com\/1\/wp-content\/uploads\/2018\/02\/IMG_0388.jpg 5184w, https:\/\/www.caririemacao.com\/1\/wp-content\/uploads\/2018\/02\/IMG_0388-300x200.jpg 300w, https:\/\/www.caririemacao.com\/1\/wp-content\/uploads\/2018\/02\/IMG_0388-768x512.jpg 768w, https:\/\/www.caririemacao.com\/1\/wp-content\/uploads\/2018\/02\/IMG_0388-1024x683.jpg 1024w\" data-sizes=\"(max-width: 5184px) 100vw, 5184px\" src=\"data:image\/svg+xml;base64,PHN2ZyB3aWR0aD0iMSIgaGVpZ2h0PSIxIiB4bWxucz0iaHR0cDovL3d3dy53My5vcmcvMjAwMC9zdmciPjwvc3ZnPg==\" style=\"--smush-placeholder-width: 5184px; --smush-placeholder-aspect-ratio: 5184\/3456;\" \/><\/a><\/p>\n<p>Sandro fez quest\u00e3o de cumprimentar as pessoas da localidade e visitantes que foram pela segunda vez conferir este evento que se consolida na comunidade.<\/p>\n<p><a href=\"http:\/\/caririemacao.com\/1\/wp-content\/uploads\/2018\/02\/DSC_0014.jpg\"><img decoding=\"async\" class=\"aligncenter size-full wp-image-40728 lazyload\" data-src=\"http:\/\/caririemacao.com\/1\/wp-content\/uploads\/2018\/02\/DSC_0014.jpg\" alt=\"\" width=\"1024\" height=\"683\" data-srcset=\"https:\/\/www.caririemacao.com\/1\/wp-content\/uploads\/2018\/02\/DSC_0014.jpg 1024w, https:\/\/www.caririemacao.com\/1\/wp-content\/uploads\/2018\/02\/DSC_0014-300x200.jpg 300w, https:\/\/www.caririemacao.com\/1\/wp-content\/uploads\/2018\/02\/DSC_0014-768x512.jpg 768w\" data-sizes=\"(max-width: 1024px) 100vw, 1024px\" src=\"data:image\/svg+xml;base64,PHN2ZyB3aWR0aD0iMSIgaGVpZ2h0PSIxIiB4bWxucz0iaHR0cDovL3d3dy53My5vcmcvMjAwMC9zdmciPjwvc3ZnPg==\" style=\"--smush-placeholder-width: 1024px; --smush-placeholder-aspect-ratio: 1024\/683;\" \/><\/a><\/p>\n<p>Vale ressaltar que no Balne\u00e1rio tamb\u00e9m houveram shows com Patr\u00f5es do Forr\u00f3 e Farra da Galega.<\/p>\n<p><a style=\"font-weight: bold;\" href=\"https:\/\/www.facebook.com\/pg\/CaririEmAcao\/photos\/?tab=album&amp;album_id=1182068948595793\">CLIQUE AQUI E VEJA TODAS AS FOTOS DO CARNAVAL DE PINDUR\u00c3O (12)<\/a><\/p>\n<p><div class=\"ose- ose-uid-b315897f62fabc581d2c39f5a8424992 ose-embedpress-responsive\" style=\"width:600px; height:550px; max-height:550px; max-width:100%; display:inline-block;\" data-embed-type=\"Facebook\"><iframe allowFullScreen=\"true\" class=\"embera-facebook-iframe-faa9a lazyload\" data-src=\"https:\/\/www.facebook.com\/plugins\/post.php?href=https%3A%2F%2Fwww.facebook.com%2Fmedia%2Fset%2F%3Fset%3Da.1182068948595793.1073742673.302749469861083%26%23038%3Btype%3D1%26%23038%3Bl%3D176a202ec1&width=600&height=550&show_text=true\" width=\"600\" height=\"550\" style=\"border:none;overflow:hidden\" scrolling=\"no\" frameborder=\"0\" allowTransparency=\"true\" src=\"data:image\/svg+xml;base64,PHN2ZyB3aWR0aD0iMSIgaGVpZ2h0PSIxIiB4bWxucz0iaHR0cDovL3d3dy53My5vcmcvMjAwMC9zdmciPjwvc3ZnPg==\" data-load-mode=\"1\"><\/iframe><\/div><\/p>\n<p>Confira abaixo a programa\u00e7\u00e3o do \u00faltimo dia de Carnaval em Camala\u00fa:<\/p>\n<p><strong style=\"font-style: inherit;\">Ter\u00e7a (Balne\u00e1rio P\u00fablico)<\/strong><\/p>\n<p>12:00 \u2013 Bhira e Banda Divertere<\/p>\n<p>14:00 \u2013 Feiti\u00e7o de Menina<\/p>\n<p>17:30 \u2013 Arrast\u00e3o at\u00e9 a cidade<\/p>\n<p>Na cidade acontece o tradicional desfile do Bloco da Saudade, a partir das 20 horas.<\/p>\n<p><strong style=\"font-style: inherit;\">CARIRI EM A\u00c7\u00c3O<\/strong><\/p>\n<p><strong style=\"font-style: inherit;\">Leia mais not\u00edcias em\u00a0<\/strong><a style=\"font-style: inherit; font-weight: inherit;\" href=\"http:\/\/www.caririemacao.com\/\"><strong style=\"font-style: inherit;\">caririemacao.com<\/strong><\/a><strong style=\"font-style: inherit;\">, siga nossa p\u00e1gina no\u00a0<\/strong><a style=\"font-style: inherit; font-weight: inherit;\" href=\"https:\/\/www.facebook.com\/CaririEmAcao\/?ref=aymt_homepage_panel\"><strong style=\"font-style: inherit;\">Facebook<\/strong><\/a>,<strong style=\"font-style: inherit;\">\u00a0<\/strong><a style=\"font-style: inherit; font-weight: inherit;\" href=\"https:\/\/www.instagram.com\/cariri_em_acao\/?hl=pt-br\"><strong style=\"font-style: inherit;\">Instagram<\/strong><\/a><strong style=\"font-style: inherit;\">\u00a0e\u00a0<\/strong><a style=\"font-style: inherit; font-weight: inherit;\" href=\"https:\/\/www.youtube.com\/channel\/UCAptA0jQuYQy8vMhLt2m4qg\"><strong style=\"font-style: inherit;\">Youtube<\/strong><\/a><strong style=\"font-style: inherit;\">\u00a0e veja nossas mat\u00e9rias, v\u00eddeos e fotos. Voc\u00ea tamb\u00e9m pode enviar informa\u00e7\u00f5es \u00e0 Reda\u00e7\u00e3o do Portal Cariri em A\u00e7\u00e3o pelo WhatsApp (83) 9 9634.5791, (83) 9 9601-1162.<\/strong><\/p>\n","protected":false},"excerpt":{"rendered":"<p>O distrito de Pindur\u00e3o, pertencente ao munic\u00edpio de Camala\u00fa, ficou pequeno para a quantidade de pessoas que foram participar na tarde desta segunda-feira, dia 12,&hellip; <\/p>\n","protected":false},"author":2,"featured_media":40724,"comment_status":"closed","ping_status":"closed","sticky":false,"template":"","format":"standard","meta":{"sfsi_plus_gutenberg_text_before_share":"","sfsi_plus_gutenberg_show_text_before_share":"","sfsi_plus_gutenberg_icon_type":"","sfsi_plus_gutenberg_icon_alignemt":"","sfsi_plus_gutenburg_max_per_row":"","footnotes":""},"categories":[6],"tags":[],"class_list":["post-40722","post","type-post","status-publish","format-standard","has-post-thumbnail","hentry","category-cidades"],"_links":{"self":[{"href":"https:\/\/www.caririemacao.com\/1\/wp-json\/wp\/v2\/posts\/40722","targetHints":{"allow":["GET"]}}],"collection":[{"href":"https:\/\/www.caririemacao.com\/1\/wp-json\/wp\/v2\/posts"}],"about":[{"href":"https:\/\/www.caririemacao.com\/1\/wp-json\/wp\/v2\/types\/post"}],"author":[{"embeddable":true,"href":"https:\/\/www.caririemacao.com\/1\/wp-json\/wp\/v2\/users\/2"}],"replies":[{"embeddable":true,"href":"https:\/\/www.caririemacao.com\/1\/wp-json\/wp\/v2\/comments?post=40722"}],"version-history":[{"count":0,"href":"https:\/\/www.caririemacao.com\/1\/wp-json\/wp\/v2\/posts\/40722\/revisions"}],"wp:featuredmedia":[{"embeddable":true,"href":"https:\/\/www.caririemacao.com\/1\/wp-json\/wp\/v2\/media\/40724"}],"wp:attachment":[{"href":"https:\/\/www.caririemacao.com\/1\/wp-json\/wp\/v2\/media?parent=40722"}],"wp:term":[{"taxonomy":"category","embeddable":true,"href":"https:\/\/www.caririemacao.com\/1\/wp-json\/wp\/v2\/categories?post=40722"},{"taxonomy":"post_tag","embeddable":true,"href":"https:\/\/www.caririemacao.com\/1\/wp-json\/wp\/v2\/tags?post=40722"}],"curies":[{"name":"wp","href":"https:\/\/api.w.org\/{rel}","templated":true}]}}