{"id":40732,"date":"2018-02-12T23:08:24","date_gmt":"2018-02-13T02:08:24","guid":{"rendered":"http:\/\/caririemacao.com\/1\/?p=40732"},"modified":"2018-02-12T23:08:24","modified_gmt":"2018-02-13T02:08:24","slug":"jovem-e-assassinado-e-tem-cabeca-esmagada-com-pedra-e-pauladas-no-cariri","status":"publish","type":"post","link":"https:\/\/www.caririemacao.com\/1\/2018\/02\/12\/jovem-e-assassinado-e-tem-cabeca-esmagada-com-pedra-e-pauladas-no-cariri\/","title":{"rendered":"Jovem \u00e9 assassinado e tem cabe\u00e7a esmagada com pedra e pauladas no Cariri"},"content":{"rendered":"<p>Um jovem de 17 anos de idade foi barbaramente assassinado, na cidade de Monteiro, no Cariri paraibano, nesse domingo (11) e deixou toda a popula\u00e7\u00e3o chocada pela crueldade de como foi praticado o homic\u00eddio. A v\u00edtima foi morta \u00e0 paulada e pedradas.<\/p>\n<p>De acordo com informa\u00e7\u00f5es da Pol\u00edcia Militar, o corpo foi encontrado todo ensanguentado na parede do a\u00e7ude do serrote em Monteiro. As marcas da viol\u00eancia estavam por todo o corpo da v\u00edtima, que teve a cabe\u00e7a atingida v\u00e1rias vezes.<\/p>\n<p>Ainda de acordo com informa\u00e7\u00f5es da Pol\u00edcia Militar, ao lado do corpo foi encontrado uma pedra coberta de sangue, que pode ter sido utilizada para matar a v\u00edtima. Peda\u00e7os de madeira tamb\u00e9m foram encontrados ao lado do corpo da v\u00edtima.<\/p>\n<p>A pol\u00edcia civil vai investigar o crime. Mas, at\u00e9 o momento n\u00e3o existe suspeita de que teria cometido t\u00e3o violenta crueldade.<\/p>\n<p><strong>CARIRI EM A\u00c7\u00c3O<\/strong><\/p>\n<p><em>Com PB Hoje\/ Foto: PB Hoje<\/em><\/p>\n<p><strong>Leia mais not\u00edcias em\u00a0<\/strong><a href=\"http:\/\/www.caririemacao.com\/\"><strong>caririemacao.com<\/strong><\/a><strong>, siga nossa p\u00e1gina no\u00a0<\/strong><a href=\"https:\/\/www.facebook.com\/CaririEmAcao\/?ref=aymt_homepage_panel\"><strong>Facebook<\/strong><\/a>,<strong>\u00a0<\/strong><a href=\"https:\/\/www.instagram.com\/cariri_em_acao\/?hl=pt-br\"><strong>Instagram<\/strong><\/a><strong>\u00a0e\u00a0<\/strong><a href=\"https:\/\/www.youtube.com\/channel\/UCAptA0jQuYQy8vMhLt2m4qg\"><strong>Youtube<\/strong><\/a><strong>\u00a0e veja nossas mat\u00e9rias, v\u00eddeos e fotos. Voc\u00ea tamb\u00e9m pode enviar informa\u00e7\u00f5es \u00e0 Reda\u00e7\u00e3o do Portal Cariri em A\u00e7\u00e3o pelo WhatsApp (83) 9 9634.5791, (83) 9 9601-1162.<\/strong><\/p>\n","protected":false},"excerpt":{"rendered":"<p>Um jovem de 17 anos de idade foi barbaramente assassinado, na cidade de Monteiro, no Cariri paraibano, nesse domingo (11) e deixou toda a popula\u00e7\u00e3o&hellip; <\/p>\n","protected":false},"author":2,"featured_media":40733,"comment_status":"closed","ping_status":"closed","sticky":false,"template":"","format":"standard","meta":{"sfsi_plus_gutenberg_text_before_share":"","sfsi_plus_gutenberg_show_text_before_share":"","sfsi_plus_gutenberg_icon_type":"","sfsi_plus_gutenberg_icon_alignemt":"","sfsi_plus_gutenburg_max_per_row":"","footnotes":""},"categories":[12],"tags":[],"class_list":["post-40732","post","type-post","status-publish","format-standard","has-post-thumbnail","hentry","category-policia"],"_links":{"self":[{"href":"https:\/\/www.caririemacao.com\/1\/wp-json\/wp\/v2\/posts\/40732","targetHints":{"allow":["GET"]}}],"collection":[{"href":"https:\/\/www.caririemacao.com\/1\/wp-json\/wp\/v2\/posts"}],"about":[{"href":"https:\/\/www.caririemacao.com\/1\/wp-json\/wp\/v2\/types\/post"}],"author":[{"embeddable":true,"href":"https:\/\/www.caririemacao.com\/1\/wp-json\/wp\/v2\/users\/2"}],"replies":[{"embeddable":true,"href":"https:\/\/www.caririemacao.com\/1\/wp-json\/wp\/v2\/comments?post=40732"}],"version-history":[{"count":0,"href":"https:\/\/www.caririemacao.com\/1\/wp-json\/wp\/v2\/posts\/40732\/revisions"}],"wp:featuredmedia":[{"embeddable":true,"href":"https:\/\/www.caririemacao.com\/1\/wp-json\/wp\/v2\/media\/40733"}],"wp:attachment":[{"href":"https:\/\/www.caririemacao.com\/1\/wp-json\/wp\/v2\/media?parent=40732"}],"wp:term":[{"taxonomy":"category","embeddable":true,"href":"https:\/\/www.caririemacao.com\/1\/wp-json\/wp\/v2\/categories?post=40732"},{"taxonomy":"post_tag","embeddable":true,"href":"https:\/\/www.caririemacao.com\/1\/wp-json\/wp\/v2\/tags?post=40732"}],"curies":[{"name":"wp","href":"https:\/\/api.w.org\/{rel}","templated":true}]}}