{"id":40735,"date":"2018-02-12T23:13:21","date_gmt":"2018-02-13T02:13:21","guid":{"rendered":"http:\/\/caririemacao.com\/1\/?p=40735"},"modified":"2018-02-13T10:42:18","modified_gmt":"2018-02-13T13:42:18","slug":"volume-do-acude-de-boqueirao-na-pb-sobe-140-mil-m%c2%b3-em-uma-semana","status":"publish","type":"post","link":"https:\/\/www.caririemacao.com\/1\/2018\/02\/12\/volume-do-acude-de-boqueirao-na-pb-sobe-140-mil-m%c2%b3-em-uma-semana\/","title":{"rendered":"Volume do a\u00e7ude de Boqueir\u00e3o, na PB, sobe 140 mil m\u00b3 em uma semana"},"content":{"rendered":"<p>O volume do a\u00e7ude Epit\u00e1cio Pessoa, em Boqueir\u00e3o, subiu 0,03% na \u00faltima semana, segundo informou a Ag\u00eancia Executiva de Gest\u00e3o de \u00c1guas da Para\u00edba (Aesa) nesta segunda-feira (12). Em metros c\u00fabicos (m\u00b3), o a\u00e7ude que abastece Campina Grande e Regi\u00e3o Metropolitana, pulou de 42,48 mil m\u00b3, na ter\u00e7a-feira (6) para quase 42,64 mil m\u00b3, nesta ter\u00e7a (12).<\/p>\n<div class=\"mc-column content-text active-extra-styles \" data-block-type=\"unstyled\" data-block-weight=\"75\" data-block-id=\"3\">\n<p class=\"content-text__container \" data-track-category=\"Link no Texto\" data-track-links=\"\">Apesar do aumento, a Aesa n\u00e3o registrou chuvas em Boqueir\u00e3o no \u00faltimo m\u00eas. Em um ano, at\u00e9 esta ter\u00e7a (12), a ag\u00eancia registrou apenas 27,9 mm de chuvas na cidade. Por outro lado, a 56 km dali,\u00a0a Defesa Civil de Campina Grande registrou mais de 76 mm de chuva em apenas 2 horas, na sexta-feira (9). V\u00e1rios trechos da cidade ficaram alagadas, carros e motos foram arrastados, pessoas tiradas de casa e houve desabamentos.<\/p>\n<\/div>\n<div class=\"mc-column content-text active-extra-styles \" data-block-type=\"unstyled\" data-block-weight=\"46\" data-block-id=\"4\">\n<p class=\"content-text__container \" data-track-category=\"Link no Texto\" data-track-links=\"\">Desde a sexta,\u00a0ap\u00f3s as chuvas na Regi\u00e3o Metropolitana de Campina Grande, o reservat\u00f3rio de Boqueir\u00e3o subiu cerca de 140 mil m\u00b3 de \u00e1gua. A capacidade total do a\u00e7ude, segundo a Aesa, \u00e9 de 411.686.287 m\u00b3 &#8211; cada metro c\u00fabico equivale a mil litros de \u00e1gua.<\/p>\n<p data-track-category=\"Link no Texto\" data-track-links=\"\">Na ocasi\u00e3o da chuva itensa, o coordenador da Defesa Civil campinense, Ruiter Sans\u00e3o, ainda emitiu um alerta para Monteiro, sobre o risco de afogamentos &#8220;por conta do aumento do volume das \u00e1guas, tanto da transposi\u00e7\u00e3o, quanto de chuvas na regi\u00e3o&#8221;.<\/p>\n<p><strong>CARIRI EM A\u00c7\u00c3O<\/strong><\/p>\n<p><em>Com G1 \/ Foto:\u00a0Felipe Valentim<\/em><\/p>\n<p><strong>Leia mais not\u00edcias em\u00a0<\/strong><a href=\"http:\/\/www.caririemacao.com\/\"><strong>caririemacao.com<\/strong><\/a><strong>, siga nossa p\u00e1gina no\u00a0<\/strong><a href=\"https:\/\/www.facebook.com\/CaririEmAcao\/?ref=aymt_homepage_panel\"><strong>Facebook<\/strong><\/a>,<strong>\u00a0<\/strong><a href=\"https:\/\/www.instagram.com\/cariri_em_acao\/?hl=pt-br\"><strong>Instagram<\/strong><\/a><strong>\u00a0e\u00a0<\/strong><a href=\"https:\/\/www.youtube.com\/channel\/UCAptA0jQuYQy8vMhLt2m4qg\"><strong>Youtube<\/strong><\/a><strong>\u00a0e veja nossas mat\u00e9rias, v\u00eddeos e fotos. Voc\u00ea tamb\u00e9m pode enviar informa\u00e7\u00f5es \u00e0 Reda\u00e7\u00e3o do Portal Cariri em A\u00e7\u00e3o pelo WhatsApp (83) 9 9634.5791, (83) 9 9601-1162.<\/strong><\/p>\n<\/div>\n","protected":false},"excerpt":{"rendered":"<p>O volume do a\u00e7ude Epit\u00e1cio Pessoa, em Boqueir\u00e3o, subiu 0,03% na \u00faltima semana, segundo informou a Ag\u00eancia Executiva de Gest\u00e3o de \u00c1guas da Para\u00edba (Aesa)&hellip; <\/p>\n","protected":false},"author":2,"featured_media":40736,"comment_status":"closed","ping_status":"closed","sticky":false,"template":"","format":"standard","meta":{"sfsi_plus_gutenberg_text_before_share":"","sfsi_plus_gutenberg_show_text_before_share":"","sfsi_plus_gutenberg_icon_type":"","sfsi_plus_gutenberg_icon_alignemt":"","sfsi_plus_gutenburg_max_per_row":"","footnotes":""},"categories":[2],"tags":[],"class_list":["post-40735","post","type-post","status-publish","format-standard","has-post-thumbnail","hentry","category-geral"],"_links":{"self":[{"href":"https:\/\/www.caririemacao.com\/1\/wp-json\/wp\/v2\/posts\/40735","targetHints":{"allow":["GET"]}}],"collection":[{"href":"https:\/\/www.caririemacao.com\/1\/wp-json\/wp\/v2\/posts"}],"about":[{"href":"https:\/\/www.caririemacao.com\/1\/wp-json\/wp\/v2\/types\/post"}],"author":[{"embeddable":true,"href":"https:\/\/www.caririemacao.com\/1\/wp-json\/wp\/v2\/users\/2"}],"replies":[{"embeddable":true,"href":"https:\/\/www.caririemacao.com\/1\/wp-json\/wp\/v2\/comments?post=40735"}],"version-history":[{"count":0,"href":"https:\/\/www.caririemacao.com\/1\/wp-json\/wp\/v2\/posts\/40735\/revisions"}],"wp:featuredmedia":[{"embeddable":true,"href":"https:\/\/www.caririemacao.com\/1\/wp-json\/wp\/v2\/media\/40736"}],"wp:attachment":[{"href":"https:\/\/www.caririemacao.com\/1\/wp-json\/wp\/v2\/media?parent=40735"}],"wp:term":[{"taxonomy":"category","embeddable":true,"href":"https:\/\/www.caririemacao.com\/1\/wp-json\/wp\/v2\/categories?post=40735"},{"taxonomy":"post_tag","embeddable":true,"href":"https:\/\/www.caririemacao.com\/1\/wp-json\/wp\/v2\/tags?post=40735"}],"curies":[{"name":"wp","href":"https:\/\/api.w.org\/{rel}","templated":true}]}}