{"id":40744,"date":"2018-02-12T23:27:51","date_gmt":"2018-02-13T02:27:51","guid":{"rendered":"http:\/\/caririemacao.com\/1\/?p=40744"},"modified":"2018-02-12T23:27:51","modified_gmt":"2018-02-13T02:27:51","slug":"trauma-de-jp-registra-quase-600-ocorrencias-em-dois-dias","status":"publish","type":"post","link":"https:\/\/www.caririemacao.com\/1\/2018\/02\/12\/trauma-de-jp-registra-quase-600-ocorrencias-em-dois-dias\/","title":{"rendered":"Trauma de JP registra quase 600 ocorr\u00eancias em dois dias"},"content":{"rendered":"<p>O Hospital de Emerg\u00eancia e Trauma Senador Humberto Lucena, em Jo\u00e3o Pessoa, registrou 587 ocorr\u00eancias em apenas dois dias de carnaval. Significa que foram, em m\u00e9dia, 12 epis\u00f3dios registrados por hora. Os n\u00fameros se dividem entre acidentes, agress\u00f5es e homic\u00eddios.<\/p>\n<p>Entre os casos que deram entrada no hospital, 62 foram motivados por acidente de moto, 16 por agress\u00e3o f\u00edsica, 10 atropelamentos, 8 queimaduras, 5 acidentes de autom\u00f3vel, 4 feridos por arma de fogo, 3 acidentes de bicicleta, 2 feridos por arma branca e 1 afogamento.<\/p>\n<p>Um dos feridos por arma branca, um homem de 35 anos, do munic\u00edpio de Dona In\u00eas, Agreste paraibano, n\u00e3o resistiu aos ferimentos e morreu. O paciente chegou ao Trauma conduzido por ambul\u00e2ncia do Servi\u00e7o de Atendimento M\u00f3vel de Urg\u00eancia (Samu). Ele ainda chegou a passar por procedimentos m\u00e9dicos de emerg\u00eancia, mas n\u00e3o resistiu.<\/p>\n<div class=\"td-a-rec td-a-rec-id-content_bottom  td_uid_1_5a81aa5e9783d_rand td_block_template_1\">\n<p><strong>CARIRI EM A\u00c7\u00c3O<\/strong><\/p>\n<p><em>Com Nice Almeida \/ Foto: Reprodu\u00e7\u00e3o google<\/em><\/p>\n<p><strong>Leia mais not\u00edcias em\u00a0<\/strong><a href=\"http:\/\/www.caririemacao.com\/\"><strong>caririemacao.com<\/strong><\/a><strong>, siga nossa p\u00e1gina no\u00a0<\/strong><a href=\"https:\/\/www.facebook.com\/CaririEmAcao\/?ref=aymt_homepage_panel\"><strong>Facebook<\/strong><\/a>,<strong>\u00a0<\/strong><a href=\"https:\/\/www.instagram.com\/cariri_em_acao\/?hl=pt-br\"><strong>Instagram<\/strong><\/a><strong>\u00a0e\u00a0<\/strong><a href=\"https:\/\/www.youtube.com\/channel\/UCAptA0jQuYQy8vMhLt2m4qg\"><strong>Youtube<\/strong><\/a><strong>\u00a0e veja nossas mat\u00e9rias, v\u00eddeos e fotos. Voc\u00ea tamb\u00e9m pode enviar informa\u00e7\u00f5es \u00e0 Reda\u00e7\u00e3o do Portal Cariri em A\u00e7\u00e3o pelo WhatsApp (83) 9 9634.5791, (83) 9 9601-1162.<\/strong><\/p>\n<\/div>\n","protected":false},"excerpt":{"rendered":"<p>O Hospital de Emerg\u00eancia e Trauma Senador Humberto Lucena, em Jo\u00e3o Pessoa, registrou 587 ocorr\u00eancias em apenas dois dias de carnaval. Significa que foram, em&hellip; <\/p>\n","protected":false},"author":2,"featured_media":40745,"comment_status":"closed","ping_status":"closed","sticky":false,"template":"","format":"standard","meta":{"sfsi_plus_gutenberg_text_before_share":"","sfsi_plus_gutenberg_show_text_before_share":"","sfsi_plus_gutenberg_icon_type":"","sfsi_plus_gutenberg_icon_alignemt":"","sfsi_plus_gutenburg_max_per_row":"","footnotes":""},"categories":[2],"tags":[],"class_list":["post-40744","post","type-post","status-publish","format-standard","has-post-thumbnail","hentry","category-geral"],"_links":{"self":[{"href":"https:\/\/www.caririemacao.com\/1\/wp-json\/wp\/v2\/posts\/40744","targetHints":{"allow":["GET"]}}],"collection":[{"href":"https:\/\/www.caririemacao.com\/1\/wp-json\/wp\/v2\/posts"}],"about":[{"href":"https:\/\/www.caririemacao.com\/1\/wp-json\/wp\/v2\/types\/post"}],"author":[{"embeddable":true,"href":"https:\/\/www.caririemacao.com\/1\/wp-json\/wp\/v2\/users\/2"}],"replies":[{"embeddable":true,"href":"https:\/\/www.caririemacao.com\/1\/wp-json\/wp\/v2\/comments?post=40744"}],"version-history":[{"count":0,"href":"https:\/\/www.caririemacao.com\/1\/wp-json\/wp\/v2\/posts\/40744\/revisions"}],"wp:featuredmedia":[{"embeddable":true,"href":"https:\/\/www.caririemacao.com\/1\/wp-json\/wp\/v2\/media\/40745"}],"wp:attachment":[{"href":"https:\/\/www.caririemacao.com\/1\/wp-json\/wp\/v2\/media?parent=40744"}],"wp:term":[{"taxonomy":"category","embeddable":true,"href":"https:\/\/www.caririemacao.com\/1\/wp-json\/wp\/v2\/categories?post=40744"},{"taxonomy":"post_tag","embeddable":true,"href":"https:\/\/www.caririemacao.com\/1\/wp-json\/wp\/v2\/tags?post=40744"}],"curies":[{"name":"wp","href":"https:\/\/api.w.org\/{rel}","templated":true}]}}