{"id":40753,"date":"2018-02-12T23:46:18","date_gmt":"2018-02-13T02:46:18","guid":{"rendered":"http:\/\/caririemacao.com\/1\/?p=40753"},"modified":"2018-02-12T23:47:27","modified_gmt":"2018-02-13T02:47:27","slug":"desemboque-das-aguas-do-rio-sao-francisco-se-transforma-em-balneario-na-cidade-de-monteiro","status":"publish","type":"post","link":"https:\/\/www.caririemacao.com\/1\/2018\/02\/12\/desemboque-das-aguas-do-rio-sao-francisco-se-transforma-em-balneario-na-cidade-de-monteiro\/","title":{"rendered":"Desemboque das \u00e1guas do Rio S\u00e3o Francisco se transforma em balne\u00e1rio na cidade de Monteiro"},"content":{"rendered":"<p>O feriad\u00e3o do Carnaval consolidou o encontro das \u00e1guas da transposi\u00e7\u00e3o do Rio S\u00e3o Francisco com o leito do Rio Para\u00edba, em Monteiro, transformando o local em um dos maiores atrativos dos festejos carnavalescos do Cariri paraibano.<\/p>\n<p>Desde a manh\u00e3 do domingo, 11, milhares de pessoas compareceram ao local, que se transformou em um verdadeiro balne\u00e1rio, assim como acontece ao longo do Rio Para\u00edba, principalmente ap\u00f3s a barragem de S\u00e3o de Jos\u00e9, que tamb\u00e9m tem atra\u00eddo um grande p\u00fablico para desfrutarem das maravilhosas cachoeiras.<\/p>\n<p>O novo \u201cpoint\u201d do Cariri paraibano tem atra\u00eddo turistas de diversas cidades nos \u00faltimos meses, e neste per\u00edodo de carnaval o fluxo de turistas aumentou consideravelmente, sendo registrado visitantes de v\u00e1rias localidades, a exemplo de Sum\u00e9, Serra Branca, Campina Grande, e de Santa Cruz do Capibaribe, Jata\u00faba e Sert\u00e2nia, cidades pernambucanas.<\/p>\n<p>A \u00e1rea balne\u00e1ria \u00e9 fiscalizada pela AESA \u2013 Ag\u00eancia Executiva de Gest\u00e3o das \u00c1guas da Para\u00edba e a Pol\u00edcia Militar tem mantido uma fiscaliza\u00e7\u00e3o permanente no local, enquanto que a Prefeitura de Monteiro vem realizando a limpeza di\u00e1ria da \u00e1rea.<\/p>\n<p>A Prefeitura de Monteiro j\u00e1 oficializou ao Minist\u00e9rio da Integra\u00e7\u00e3o o interesse em administrar a \u00e1rea do encontro dos rios e um projeto j\u00e1 est\u00e1 sendo elaborado para apresentar aos \u00f3rg\u00e3os respons\u00e1veis pela \u00e1rea.<\/p>\n<p><strong>CARIRI EM A\u00c7\u00c3O<\/strong><\/p>\n<p><em>Com Vitrine do Cariri \/ Foto:\u00a0Vitrine do Cariri<\/em><\/p>\n<p><strong>Leia mais not\u00edcias em\u00a0<\/strong><a href=\"http:\/\/www.caririemacao.com\/\"><strong>caririemacao.com<\/strong><\/a><strong>, siga nossa p\u00e1gina no\u00a0<\/strong><a href=\"https:\/\/www.facebook.com\/CaririEmAcao\/?ref=aymt_homepage_panel\"><strong>Facebook<\/strong><\/a>,<strong>\u00a0<\/strong><a href=\"https:\/\/www.instagram.com\/cariri_em_acao\/?hl=pt-br\"><strong>Instagram<\/strong><\/a><strong>\u00a0e\u00a0<\/strong><a href=\"https:\/\/www.youtube.com\/channel\/UCAptA0jQuYQy8vMhLt2m4qg\"><strong>Youtube<\/strong><\/a><strong>\u00a0e veja nossas mat\u00e9rias, v\u00eddeos e fotos. Voc\u00ea tamb\u00e9m pode enviar informa\u00e7\u00f5es \u00e0 Reda\u00e7\u00e3o do Portal Cariri em A\u00e7\u00e3o pelo WhatsApp (83) 9 9634.5791, (83) 9 9601-1162.<\/strong><\/p>\n","protected":false},"excerpt":{"rendered":"<p>O feriad\u00e3o do Carnaval consolidou o encontro das \u00e1guas da transposi\u00e7\u00e3o do Rio S\u00e3o Francisco com o leito do Rio Para\u00edba, em Monteiro, transformando o&hellip; <\/p>\n","protected":false},"author":2,"featured_media":40756,"comment_status":"closed","ping_status":"closed","sticky":false,"template":"","format":"standard","meta":{"sfsi_plus_gutenberg_text_before_share":"","sfsi_plus_gutenberg_show_text_before_share":"","sfsi_plus_gutenberg_icon_type":"","sfsi_plus_gutenberg_icon_alignemt":"","sfsi_plus_gutenburg_max_per_row":"","footnotes":""},"categories":[6],"tags":[],"class_list":["post-40753","post","type-post","status-publish","format-standard","has-post-thumbnail","hentry","category-cidades"],"_links":{"self":[{"href":"https:\/\/www.caririemacao.com\/1\/wp-json\/wp\/v2\/posts\/40753","targetHints":{"allow":["GET"]}}],"collection":[{"href":"https:\/\/www.caririemacao.com\/1\/wp-json\/wp\/v2\/posts"}],"about":[{"href":"https:\/\/www.caririemacao.com\/1\/wp-json\/wp\/v2\/types\/post"}],"author":[{"embeddable":true,"href":"https:\/\/www.caririemacao.com\/1\/wp-json\/wp\/v2\/users\/2"}],"replies":[{"embeddable":true,"href":"https:\/\/www.caririemacao.com\/1\/wp-json\/wp\/v2\/comments?post=40753"}],"version-history":[{"count":0,"href":"https:\/\/www.caririemacao.com\/1\/wp-json\/wp\/v2\/posts\/40753\/revisions"}],"wp:featuredmedia":[{"embeddable":true,"href":"https:\/\/www.caririemacao.com\/1\/wp-json\/wp\/v2\/media\/40756"}],"wp:attachment":[{"href":"https:\/\/www.caririemacao.com\/1\/wp-json\/wp\/v2\/media?parent=40753"}],"wp:term":[{"taxonomy":"category","embeddable":true,"href":"https:\/\/www.caririemacao.com\/1\/wp-json\/wp\/v2\/categories?post=40753"},{"taxonomy":"post_tag","embeddable":true,"href":"https:\/\/www.caririemacao.com\/1\/wp-json\/wp\/v2\/tags?post=40753"}],"curies":[{"name":"wp","href":"https:\/\/api.w.org\/{rel}","templated":true}]}}