{"id":40771,"date":"2018-02-13T02:14:15","date_gmt":"2018-02-13T05:14:15","guid":{"rendered":"http:\/\/caririemacao.com\/1\/?p=40771"},"modified":"2018-02-13T10:41:45","modified_gmt":"2018-02-13T13:41:45","slug":"musical-dias-encerra-penultima-noite-do-caraubas-folia-2018","status":"publish","type":"post","link":"https:\/\/www.caririemacao.com\/1\/2018\/02\/13\/musical-dias-encerra-penultima-noite-do-caraubas-folia-2018\/","title":{"rendered":"Musical Dias encerra pen\u00faltima noite do Cara\u00fabas Folia 2018"},"content":{"rendered":"<p>Em mais um dia de programa\u00e7\u00e3o do tradicional carnaval da cidade de Cara\u00fabas a segunda-feira de carnaval foi animada pela Banda Musical Dias e pelos DJ Tony, DJ Karllos boy e Mateus.<\/p>\n<p><a href=\"http:\/\/caririemacao.com\/1\/wp-content\/uploads\/2018\/02\/page-6.jpg\"><img fetchpriority=\"high\" decoding=\"async\" class=\"aligncenter size-full wp-image-40778\" src=\"http:\/\/caririemacao.com\/1\/wp-content\/uploads\/2018\/02\/page-6.jpg\" alt=\"\" width=\"500\" height=\"400\" srcset=\"https:\/\/www.caririemacao.com\/1\/wp-content\/uploads\/2018\/02\/page-6.jpg 500w, https:\/\/www.caririemacao.com\/1\/wp-content\/uploads\/2018\/02\/page-6-300x240.jpg 300w\" sizes=\"(max-width: 500px) 100vw, 500px\" \/><\/a><br \/>\nA pen\u00faltima noite tamb\u00e9m foi marcada pela presen\u00e7a do Prefeito Municipal de Cara\u00fabas, Silvano Dudu, al\u00e9m dos vereadores e secret\u00e1rios.<br \/>\nSilvano esteve nas primeiras horas desta segunda-feira visitando as cachoeiras do Cangati, e as comunidades de Ponta de Serra e Passagem, locais que s\u00e3o cortados pelo Rio Para\u00edba, e que tem aglomerado centenas de turistas. Silvano ainda esteve prestigiando os festejos de carnaval, no Clube das Piscinas no distrito de Barreiras, em seguida o prefeito se dirigiu ao Pindur\u00e3o do Costa, distrito de Camala\u00fa, onde ao lado do prefeito Sandro M\u00f4co prestigiou o carnaval camalauense.<\/p>\n<p><a href=\"http:\/\/caririemacao.com\/1\/wp-content\/uploads\/2018\/02\/IMG_0388.jpg\"><img decoding=\"async\" class=\"aligncenter size-full wp-image-40774 lazyload\" data-src=\"http:\/\/caririemacao.com\/1\/wp-content\/uploads\/2018\/02\/IMG_0388.jpg\" alt=\"\" width=\"5184\" height=\"3456\" data-srcset=\"https:\/\/www.caririemacao.com\/1\/wp-content\/uploads\/2018\/02\/IMG_0388.jpg 5184w, https:\/\/www.caririemacao.com\/1\/wp-content\/uploads\/2018\/02\/IMG_0388-300x200.jpg 300w, https:\/\/www.caririemacao.com\/1\/wp-content\/uploads\/2018\/02\/IMG_0388-768x512.jpg 768w, https:\/\/www.caririemacao.com\/1\/wp-content\/uploads\/2018\/02\/IMG_0388-1024x683.jpg 1024w\" data-sizes=\"(max-width: 5184px) 100vw, 5184px\" src=\"data:image\/svg+xml;base64,PHN2ZyB3aWR0aD0iMSIgaGVpZ2h0PSIxIiB4bWxucz0iaHR0cDovL3d3dy53My5vcmcvMjAwMC9zdmciPjwvc3ZnPg==\" style=\"--smush-placeholder-width: 5184px; --smush-placeholder-aspect-ratio: 5184\/3456;\" \/><\/a><br \/>\nO Cara\u00fabas Folia, ser\u00e1 encerrado oficialmente nesta ter\u00e7a-feira, 13, passar\u00e1 pelo palco do evento na \u00faltima noite de carnaval as Bandas Forr\u00f3 da Galega e J\u00fanior Bar\u00e3o.<\/p>\n<p><a href=\"https:\/\/www.facebook.com\/pg\/CaririEmAcao\/photos\/?tab=album&amp;album_id=1182153051920716\">VEJA TODAS AS FOTOS DESTE DOMINGO (12)\u00a0\u00a0<\/a><\/p>\n<p><strong>CARIRI EM A\u00c7\u00c3O<\/strong><\/p>\n<p><em>Reda\u00e7\u00e3o Cariri em A\u00e7\u00e3o<\/em><\/p>\n<p><strong>Leia mais not\u00edcias em\u00a0<\/strong><a href=\"http:\/\/www.caririemacao.com\/\"><strong>caririemacao.com<\/strong><\/a><strong>, siga nossa p\u00e1gina no\u00a0<\/strong><a href=\"https:\/\/www.facebook.com\/CaririEmAcao\/?ref=aymt_homepage_panel\"><strong>Facebook<\/strong><\/a>,<strong>\u00a0<\/strong><a href=\"https:\/\/www.instagram.com\/cariri_em_acao\/?hl=pt-br\"><strong>Instagram<\/strong><\/a><strong>\u00a0e\u00a0<\/strong><a href=\"https:\/\/www.youtube.com\/channel\/UCAptA0jQuYQy8vMhLt2m4qg\"><strong>Youtube<\/strong><\/a><strong>\u00a0e veja nossas mat\u00e9rias, v\u00eddeos e fotos. Voc\u00ea tamb\u00e9m pode enviar informa\u00e7\u00f5es \u00e0 Reda\u00e7\u00e3o do Portal Cariri em A\u00e7\u00e3o pelo WhatsApp (83) 9 9634.5791, (83) 9 9601-1162.<\/strong><\/p>\n","protected":false},"excerpt":{"rendered":"<p>Em mais um dia de programa\u00e7\u00e3o do tradicional carnaval da cidade de Cara\u00fabas a segunda-feira de carnaval foi animada pela Banda Musical Dias e pelos&hellip; <\/p>\n","protected":false},"author":2,"featured_media":40780,"comment_status":"closed","ping_status":"closed","sticky":false,"template":"","format":"standard","meta":{"sfsi_plus_gutenberg_text_before_share":"","sfsi_plus_gutenberg_show_text_before_share":"","sfsi_plus_gutenberg_icon_type":"","sfsi_plus_gutenberg_icon_alignemt":"","sfsi_plus_gutenburg_max_per_row":"","footnotes":""},"categories":[6],"tags":[],"class_list":["post-40771","post","type-post","status-publish","format-standard","has-post-thumbnail","hentry","category-cidades"],"_links":{"self":[{"href":"https:\/\/www.caririemacao.com\/1\/wp-json\/wp\/v2\/posts\/40771","targetHints":{"allow":["GET"]}}],"collection":[{"href":"https:\/\/www.caririemacao.com\/1\/wp-json\/wp\/v2\/posts"}],"about":[{"href":"https:\/\/www.caririemacao.com\/1\/wp-json\/wp\/v2\/types\/post"}],"author":[{"embeddable":true,"href":"https:\/\/www.caririemacao.com\/1\/wp-json\/wp\/v2\/users\/2"}],"replies":[{"embeddable":true,"href":"https:\/\/www.caririemacao.com\/1\/wp-json\/wp\/v2\/comments?post=40771"}],"version-history":[{"count":0,"href":"https:\/\/www.caririemacao.com\/1\/wp-json\/wp\/v2\/posts\/40771\/revisions"}],"wp:featuredmedia":[{"embeddable":true,"href":"https:\/\/www.caririemacao.com\/1\/wp-json\/wp\/v2\/media\/40780"}],"wp:attachment":[{"href":"https:\/\/www.caririemacao.com\/1\/wp-json\/wp\/v2\/media?parent=40771"}],"wp:term":[{"taxonomy":"category","embeddable":true,"href":"https:\/\/www.caririemacao.com\/1\/wp-json\/wp\/v2\/categories?post=40771"},{"taxonomy":"post_tag","embeddable":true,"href":"https:\/\/www.caririemacao.com\/1\/wp-json\/wp\/v2\/tags?post=40771"}],"curies":[{"name":"wp","href":"https:\/\/api.w.org\/{rel}","templated":true}]}}