{"id":40773,"date":"2018-02-13T01:01:59","date_gmt":"2018-02-13T04:01:59","guid":{"rendered":"http:\/\/caririemacao.com\/1\/?p=40773"},"modified":"2018-02-13T01:01:59","modified_gmt":"2018-02-13T04:01:59","slug":"temer-nao-diz-se-segovia-tem-condicoes-de-seguir-a-frente-da-pf","status":"publish","type":"post","link":"https:\/\/www.caririemacao.com\/1\/2018\/02\/13\/temer-nao-diz-se-segovia-tem-condicoes-de-seguir-a-frente-da-pf\/","title":{"rendered":"Temer n\u00e3o diz se Segovia tem condi\u00e7\u00f5es de seguir \u00e0 frente da PF"},"content":{"rendered":"<p>O presidente Michel Temer n\u00e3o respondeu nesta segunda-feira (12) se o diretor-geral da Pol\u00edcia Federal, Fernando Segovia, tem condi\u00e7\u00f5es de seguir no cargo.<\/p>\n<p>Em visita oficial a Roraima, ele deixou a entrevista \u00e0 imprensa quando perguntado pela\u00a0Folha\u00a0se o chefe da Pol\u00edcia Federal errou\u00a0ao ter comentado sobre um inqu\u00e9rito\u00a0em andamento.<\/p>\n<p>Os jornalistas presentes insistiram na pergunta, mas o emedebista apenas sorriu e acenou, sem responder se o diretor-geral continuar\u00e1 no posto.<\/p>\n<p>O ministro da Justi\u00e7a, Torquato Jardim, tamb\u00e9m presente na visita oficial, n\u00e3o apareceu nem no pronunciamento \u00e0 imprensa.<\/p>\n<p>Ele tem se negado desde o final de semana a comentar entrevista concedida pelo diretor-geral \u00e0 Reuters, na qual indicou que inqu\u00e9rito contra o presidente ser\u00e1 arquivado.<\/p>\n<p>Segundo ele, at\u00e9 o momento as investiga\u00e7\u00f5es n\u00e3o comprovaram que houve pagamento de propina pela Rodrimar para a edi\u00e7\u00e3o de decreto que prorrogava concess\u00e3o e arrendamento portu\u00e1rios.<\/p>\n<p>O epis\u00f3dio causou uma crise interna na Pol\u00edcia Federal e constrangimento ao delegado Cleyber Lopes, respons\u00e1vel pela apura\u00e7\u00e3o.<\/p>\n<p>Com a entrevista, delegados da Pol\u00edcia Federal t\u00eam pressionado a ADPF (Associa\u00e7\u00e3o Nacional dos Delegados da Pol\u00edcia Federal) a se posicionar pela demiss\u00e3o do diretor-geral.<\/p>\n<p>Nos bastidores, o Pal\u00e1cio do Planalto avalia que Segovia errou, criou uma animosidade desnecess\u00e1ria dentro da Pol\u00edcia Federal e atrapalhou a condu\u00e7\u00e3o do inqu\u00e9rito.<\/p>\n<p>O presidente viajou a Roraima para discutir com a governadora Suely Campos medidas para minimizar o impacto da entrada de milhares de refugiados da Venezuela.<\/p>\n<p>Ele foi recebido na entrada da sede do governo estadual com um protesto de entidades sindicais, que pediram a sua sa\u00edda do cargo.<\/p>\n<p><strong>CARIRI EM A\u00c7\u00c3O<\/strong><\/p>\n<p><em>Com\u00a0Folhapress\u00a0 \/ Foto:\u00a0\u00a0Folhapress<\/em><\/p>\n<p><strong>Leia mais not\u00edcias em\u00a0<\/strong><a href=\"http:\/\/www.caririemacao.com\/\"><strong>caririemacao.com<\/strong><\/a><strong>, siga nossa p\u00e1gina no\u00a0<\/strong><a href=\"https:\/\/www.facebook.com\/CaririEmAcao\/?ref=aymt_homepage_panel\"><strong>Facebook<\/strong><\/a>,<strong>\u00a0<\/strong><a href=\"https:\/\/www.instagram.com\/cariri_em_acao\/?hl=pt-br\"><strong>Instagram<\/strong><\/a><strong>\u00a0e\u00a0<\/strong><a href=\"https:\/\/www.youtube.com\/channel\/UCAptA0jQuYQy8vMhLt2m4qg\"><strong>Youtube<\/strong><\/a><strong>\u00a0e veja nossas mat\u00e9rias, v\u00eddeos e fotos. Voc\u00ea tamb\u00e9m pode enviar informa\u00e7\u00f5es \u00e0 Reda\u00e7\u00e3o do Portal Cariri em A\u00e7\u00e3o pelo WhatsApp (83) 9 9634.5791, (83) 9 9601-1162.<\/strong><\/p>\n","protected":false},"excerpt":{"rendered":"<p>O presidente Michel Temer n\u00e3o respondeu nesta segunda-feira (12) se o diretor-geral da Pol\u00edcia Federal, Fernando Segovia, tem condi\u00e7\u00f5es de seguir no cargo. Em visita&hellip; <\/p>\n","protected":false},"author":2,"featured_media":40775,"comment_status":"closed","ping_status":"closed","sticky":false,"template":"","format":"standard","meta":{"sfsi_plus_gutenberg_text_before_share":"","sfsi_plus_gutenberg_show_text_before_share":"","sfsi_plus_gutenberg_icon_type":"","sfsi_plus_gutenberg_icon_alignemt":"","sfsi_plus_gutenburg_max_per_row":"","footnotes":""},"categories":[11],"tags":[],"class_list":["post-40773","post","type-post","status-publish","format-standard","has-post-thumbnail","hentry","category-politica"],"_links":{"self":[{"href":"https:\/\/www.caririemacao.com\/1\/wp-json\/wp\/v2\/posts\/40773","targetHints":{"allow":["GET"]}}],"collection":[{"href":"https:\/\/www.caririemacao.com\/1\/wp-json\/wp\/v2\/posts"}],"about":[{"href":"https:\/\/www.caririemacao.com\/1\/wp-json\/wp\/v2\/types\/post"}],"author":[{"embeddable":true,"href":"https:\/\/www.caririemacao.com\/1\/wp-json\/wp\/v2\/users\/2"}],"replies":[{"embeddable":true,"href":"https:\/\/www.caririemacao.com\/1\/wp-json\/wp\/v2\/comments?post=40773"}],"version-history":[{"count":0,"href":"https:\/\/www.caririemacao.com\/1\/wp-json\/wp\/v2\/posts\/40773\/revisions"}],"wp:featuredmedia":[{"embeddable":true,"href":"https:\/\/www.caririemacao.com\/1\/wp-json\/wp\/v2\/media\/40775"}],"wp:attachment":[{"href":"https:\/\/www.caririemacao.com\/1\/wp-json\/wp\/v2\/media?parent=40773"}],"wp:term":[{"taxonomy":"category","embeddable":true,"href":"https:\/\/www.caririemacao.com\/1\/wp-json\/wp\/v2\/categories?post=40773"},{"taxonomy":"post_tag","embeddable":true,"href":"https:\/\/www.caririemacao.com\/1\/wp-json\/wp\/v2\/tags?post=40773"}],"curies":[{"name":"wp","href":"https:\/\/api.w.org\/{rel}","templated":true}]}}