{"id":40783,"date":"2018-02-13T10:20:06","date_gmt":"2018-02-13T13:20:06","guid":{"rendered":"http:\/\/caririemacao.com\/1\/?p=40783"},"modified":"2018-02-13T10:20:06","modified_gmt":"2018-02-13T13:20:06","slug":"jovem-e-assassinado-a-tiros-quando-voltava-de-festa-de-carnaval","status":"publish","type":"post","link":"https:\/\/www.caririemacao.com\/1\/2018\/02\/13\/jovem-e-assassinado-a-tiros-quando-voltava-de-festa-de-carnaval\/","title":{"rendered":"Jovem \u00e9 assassinado a tiros quando voltava de festa de Carnaval"},"content":{"rendered":"<p>Um jovem crediarista, de 22 anos, foi assassinado a tiros na madrugada desta ter\u00e7a-feira (13) nas proximidades do S\u00edtio Lira, na zona rural de Concei\u00e7\u00e3o, Sert\u00e3o do Estado. Ele teria sido morto \u00e0 queima roupa e jogado \u00e0s margens da rodovia.<\/p>\n<p>Elissandro Nildo da Silva, conhecido como \u201cNego Macaxeira\u201d, foi encontrado na manh\u00e3 desta ter\u00e7a-feira (13) \u00e0s margens da rodovia PB-386. Ele foi alvejado por disparos que atingiram as costas e a regi\u00e3o da cabe\u00e7a.<\/p>\n<p>De acordo com as primeiras informa\u00e7\u00f5es, o jovem voltava de uma festa de Carnaval e teria sido levado ao local para ser executado. A Pol\u00edcia Militar foi acionada e compareceu ao local para tomas as provid\u00eancias necess\u00e1rias.<\/p>\n<p><strong>CARIRI EM A\u00c7\u00c3O<\/strong><\/p>\n<p><em>Com Clik PB \/ Foto: Reprodu\u00e7\u00e3o google<\/em><\/p>\n<p><strong>Leia mais not\u00edcias em\u00a0<\/strong><a href=\"http:\/\/www.caririemacao.com\/\"><strong>caririemacao.com<\/strong><\/a><strong>, siga nossa p\u00e1gina no\u00a0<\/strong><a href=\"https:\/\/www.facebook.com\/CaririEmAcao\/?ref=aymt_homepage_panel\"><strong>Facebook<\/strong><\/a>,<strong>\u00a0<\/strong><a href=\"https:\/\/www.instagram.com\/cariri_em_acao\/?hl=pt-br\"><strong>Instagram<\/strong><\/a><strong>\u00a0e\u00a0<\/strong><a href=\"https:\/\/www.youtube.com\/channel\/UCAptA0jQuYQy8vMhLt2m4qg\"><strong>Youtube<\/strong><\/a><strong>\u00a0e veja nossas mat\u00e9rias, v\u00eddeos e fotos. Voc\u00ea tamb\u00e9m pode enviar informa\u00e7\u00f5es \u00e0 Reda\u00e7\u00e3o do Portal Cariri em A\u00e7\u00e3o pelo WhatsApp (83) 9 9634.5791, (83) 9 9601-1162.<\/strong><\/p>\n","protected":false},"excerpt":{"rendered":"<p>Um jovem crediarista, de 22 anos, foi assassinado a tiros na madrugada desta ter\u00e7a-feira (13) nas proximidades do S\u00edtio Lira, na zona rural de Concei\u00e7\u00e3o,&hellip; <\/p>\n","protected":false},"author":2,"featured_media":40784,"comment_status":"closed","ping_status":"closed","sticky":false,"template":"","format":"standard","meta":{"sfsi_plus_gutenberg_text_before_share":"","sfsi_plus_gutenberg_show_text_before_share":"","sfsi_plus_gutenberg_icon_type":"","sfsi_plus_gutenberg_icon_alignemt":"","sfsi_plus_gutenburg_max_per_row":"","footnotes":""},"categories":[12],"tags":[],"class_list":["post-40783","post","type-post","status-publish","format-standard","has-post-thumbnail","hentry","category-policia"],"_links":{"self":[{"href":"https:\/\/www.caririemacao.com\/1\/wp-json\/wp\/v2\/posts\/40783","targetHints":{"allow":["GET"]}}],"collection":[{"href":"https:\/\/www.caririemacao.com\/1\/wp-json\/wp\/v2\/posts"}],"about":[{"href":"https:\/\/www.caririemacao.com\/1\/wp-json\/wp\/v2\/types\/post"}],"author":[{"embeddable":true,"href":"https:\/\/www.caririemacao.com\/1\/wp-json\/wp\/v2\/users\/2"}],"replies":[{"embeddable":true,"href":"https:\/\/www.caririemacao.com\/1\/wp-json\/wp\/v2\/comments?post=40783"}],"version-history":[{"count":0,"href":"https:\/\/www.caririemacao.com\/1\/wp-json\/wp\/v2\/posts\/40783\/revisions"}],"wp:featuredmedia":[{"embeddable":true,"href":"https:\/\/www.caririemacao.com\/1\/wp-json\/wp\/v2\/media\/40784"}],"wp:attachment":[{"href":"https:\/\/www.caririemacao.com\/1\/wp-json\/wp\/v2\/media?parent=40783"}],"wp:term":[{"taxonomy":"category","embeddable":true,"href":"https:\/\/www.caririemacao.com\/1\/wp-json\/wp\/v2\/categories?post=40783"},{"taxonomy":"post_tag","embeddable":true,"href":"https:\/\/www.caririemacao.com\/1\/wp-json\/wp\/v2\/tags?post=40783"}],"curies":[{"name":"wp","href":"https:\/\/api.w.org\/{rel}","templated":true}]}}