{"id":40786,"date":"2018-02-13T10:21:54","date_gmt":"2018-02-13T13:21:54","guid":{"rendered":"http:\/\/caririemacao.com\/1\/?p=40786"},"modified":"2018-02-13T10:21:54","modified_gmt":"2018-02-13T13:21:54","slug":"ufpb-divulga-lista-de-espera-para-cursos-de-graduacao-na-proxima-sexta","status":"publish","type":"post","link":"https:\/\/www.caririemacao.com\/1\/2018\/02\/13\/ufpb-divulga-lista-de-espera-para-cursos-de-graduacao-na-proxima-sexta\/","title":{"rendered":"UFPB divulga lista de espera para cursos de gradua\u00e7\u00e3o na pr\u00f3xima sexta"},"content":{"rendered":"<p>A lista de espera para vagas nos cursos de gradua\u00e7\u00e3o da Universidade Federal da Para\u00edba (UFPB) deve ser divulgada na pr\u00f3xima sexta-feira (16), de acordo com a Pr\u00f3-Reitoria de Gradua\u00e7\u00e3o (PRG). A lista deve conter os nomes dos candidatos habilitados, que se inscreveram atrav\u00e9s do Sistema de Sele\u00e7\u00e3o Unificada (Sisu) e declararam interesse em integrar a lista de espera.<\/p>\n<p>Os convocados preencher\u00e3o as vagas remanescentes da chamada regular do Sisu.<\/p>\n<p>A PRG informa ainda que a convoca\u00e7\u00e3o para a primeira chamada da lista ocorrer\u00e1 no fim de fevereiro. Os interessados devem acompanhar as publica\u00e7\u00f5es de convoca\u00e7\u00f5es e de editais de cadastramento no site:\u00a0http:\/\/www.prg.ufpb.br\/prg.<\/p>\n<p><strong>CARIRI EM A\u00c7\u00c3O<\/strong><\/p>\n<p><em>Com Clik PB \/ Foto:\u00a0Walla Santos<\/em><\/p>\n<p><strong>Leia mais not\u00edcias em\u00a0<\/strong><a href=\"http:\/\/www.caririemacao.com\/\"><strong>caririemacao.com<\/strong><\/a><strong>, siga nossa p\u00e1gina no\u00a0<\/strong><a href=\"https:\/\/www.facebook.com\/CaririEmAcao\/?ref=aymt_homepage_panel\"><strong>Facebook<\/strong><\/a>,<strong>\u00a0<\/strong><a href=\"https:\/\/www.instagram.com\/cariri_em_acao\/?hl=pt-br\"><strong>Instagram<\/strong><\/a><strong>\u00a0e\u00a0<\/strong><a href=\"https:\/\/www.youtube.com\/channel\/UCAptA0jQuYQy8vMhLt2m4qg\"><strong>Youtube<\/strong><\/a><strong>\u00a0e veja nossas mat\u00e9rias, v\u00eddeos e fotos. Voc\u00ea tamb\u00e9m pode enviar informa\u00e7\u00f5es \u00e0 Reda\u00e7\u00e3o do Portal Cariri em A\u00e7\u00e3o pelo WhatsApp (83) 9 9634.5791, (83) 9 9601-1162.<\/strong><\/p>\n","protected":false},"excerpt":{"rendered":"<p>A lista de espera para vagas nos cursos de gradua\u00e7\u00e3o da Universidade Federal da Para\u00edba (UFPB) deve ser divulgada na pr\u00f3xima sexta-feira (16), de acordo&hellip; <\/p>\n","protected":false},"author":2,"featured_media":40787,"comment_status":"closed","ping_status":"closed","sticky":false,"template":"","format":"standard","meta":{"sfsi_plus_gutenberg_text_before_share":"","sfsi_plus_gutenberg_show_text_before_share":"","sfsi_plus_gutenberg_icon_type":"","sfsi_plus_gutenberg_icon_alignemt":"","sfsi_plus_gutenburg_max_per_row":"","footnotes":""},"categories":[14],"tags":[],"class_list":["post-40786","post","type-post","status-publish","format-standard","has-post-thumbnail","hentry","category-educacao"],"_links":{"self":[{"href":"https:\/\/www.caririemacao.com\/1\/wp-json\/wp\/v2\/posts\/40786","targetHints":{"allow":["GET"]}}],"collection":[{"href":"https:\/\/www.caririemacao.com\/1\/wp-json\/wp\/v2\/posts"}],"about":[{"href":"https:\/\/www.caririemacao.com\/1\/wp-json\/wp\/v2\/types\/post"}],"author":[{"embeddable":true,"href":"https:\/\/www.caririemacao.com\/1\/wp-json\/wp\/v2\/users\/2"}],"replies":[{"embeddable":true,"href":"https:\/\/www.caririemacao.com\/1\/wp-json\/wp\/v2\/comments?post=40786"}],"version-history":[{"count":0,"href":"https:\/\/www.caririemacao.com\/1\/wp-json\/wp\/v2\/posts\/40786\/revisions"}],"wp:featuredmedia":[{"embeddable":true,"href":"https:\/\/www.caririemacao.com\/1\/wp-json\/wp\/v2\/media\/40787"}],"wp:attachment":[{"href":"https:\/\/www.caririemacao.com\/1\/wp-json\/wp\/v2\/media?parent=40786"}],"wp:term":[{"taxonomy":"category","embeddable":true,"href":"https:\/\/www.caririemacao.com\/1\/wp-json\/wp\/v2\/categories?post=40786"},{"taxonomy":"post_tag","embeddable":true,"href":"https:\/\/www.caririemacao.com\/1\/wp-json\/wp\/v2\/tags?post=40786"}],"curies":[{"name":"wp","href":"https:\/\/api.w.org\/{rel}","templated":true}]}}