{"id":40789,"date":"2018-02-13T10:25:10","date_gmt":"2018-02-13T13:25:10","guid":{"rendered":"http:\/\/caririemacao.com\/1\/?p=40789"},"modified":"2018-02-13T10:25:10","modified_gmt":"2018-02-13T13:25:10","slug":"amigo-mata-o-outro-durante-briga-por-causa-de-cachaca-em-bar","status":"publish","type":"post","link":"https:\/\/www.caririemacao.com\/1\/2018\/02\/13\/amigo-mata-o-outro-durante-briga-por-causa-de-cachaca-em-bar\/","title":{"rendered":"Amigo mata o outro durante briga por causa de cacha\u00e7a em bar"},"content":{"rendered":"<p>Um desentendimento por causa de cacha\u00e7a terminou em assassinato na Capital. De acordo com a pol\u00edcia, o crime aconteceu na noite desta segunda-feira (12)\u00a0 \u00a0no Mussumagro, no bairro do Valentina de Figueiredo, Zona Sul de Jo\u00e3o Pessoa.<\/p>\n<p>De acordo com informa\u00e7\u00f5es da Pol\u00edcia Militar, a v\u00edtima identificada como Geraldo Ramos dos Santos, de 46 anos, estava bebendo na companhia de um amigo e em determinado momento da noite houve um desentendimento entre os dois. Eles entraram em luta corporal e, durante a briga, um dos envolvidos sacou de uma faca e desferiu v\u00e1rios golpes na v\u00edtima, que morreu ainda no local.<\/p>\n<p>O acusado, que tem 43 anos, foi preso em flagrante e encaminhado para a Central de Flagrantes da Pol\u00edcia Civil, no bairro do Geisel, onde foi autuado pelo crime de homic\u00eddio e ser\u00e1 encaminhado para um dos pres\u00eddios da capital.<\/p>\n<p><strong>CARIRI EM A\u00c7\u00c3O<\/strong><\/p>\n<p><em>Com PB Hoje\/ Foto: PB Hoje<\/em><\/p>\n<p><strong>Leia mais not\u00edcias em\u00a0<\/strong><a href=\"http:\/\/www.caririemacao.com\/\"><strong>caririemacao.com<\/strong><\/a><strong>, siga nossa p\u00e1gina no\u00a0<\/strong><a href=\"https:\/\/www.facebook.com\/CaririEmAcao\/?ref=aymt_homepage_panel\"><strong>Facebook<\/strong><\/a>,<strong>\u00a0<\/strong><a href=\"https:\/\/www.instagram.com\/cariri_em_acao\/?hl=pt-br\"><strong>Instagram<\/strong><\/a><strong>\u00a0e\u00a0<\/strong><a href=\"https:\/\/www.youtube.com\/channel\/UCAptA0jQuYQy8vMhLt2m4qg\"><strong>Youtube<\/strong><\/a><strong>\u00a0e veja nossas mat\u00e9rias, v\u00eddeos e fotos. Voc\u00ea tamb\u00e9m pode enviar informa\u00e7\u00f5es \u00e0 Reda\u00e7\u00e3o do Portal Cariri em A\u00e7\u00e3o pelo WhatsApp (83) 9 9634.5791, (83) 9 9601-1162.<\/strong><\/p>\n<p>&nbsp;<\/p>\n","protected":false},"excerpt":{"rendered":"<p>Um desentendimento por causa de cacha\u00e7a terminou em assassinato na Capital. De acordo com a pol\u00edcia, o crime aconteceu na noite desta segunda-feira (12)\u00a0 \u00a0no&hellip; <\/p>\n","protected":false},"author":2,"featured_media":40790,"comment_status":"closed","ping_status":"closed","sticky":false,"template":"","format":"standard","meta":{"sfsi_plus_gutenberg_text_before_share":"","sfsi_plus_gutenberg_show_text_before_share":"","sfsi_plus_gutenberg_icon_type":"","sfsi_plus_gutenberg_icon_alignemt":"","sfsi_plus_gutenburg_max_per_row":"","footnotes":""},"categories":[12],"tags":[],"class_list":["post-40789","post","type-post","status-publish","format-standard","has-post-thumbnail","hentry","category-policia"],"_links":{"self":[{"href":"https:\/\/www.caririemacao.com\/1\/wp-json\/wp\/v2\/posts\/40789","targetHints":{"allow":["GET"]}}],"collection":[{"href":"https:\/\/www.caririemacao.com\/1\/wp-json\/wp\/v2\/posts"}],"about":[{"href":"https:\/\/www.caririemacao.com\/1\/wp-json\/wp\/v2\/types\/post"}],"author":[{"embeddable":true,"href":"https:\/\/www.caririemacao.com\/1\/wp-json\/wp\/v2\/users\/2"}],"replies":[{"embeddable":true,"href":"https:\/\/www.caririemacao.com\/1\/wp-json\/wp\/v2\/comments?post=40789"}],"version-history":[{"count":0,"href":"https:\/\/www.caririemacao.com\/1\/wp-json\/wp\/v2\/posts\/40789\/revisions"}],"wp:featuredmedia":[{"embeddable":true,"href":"https:\/\/www.caririemacao.com\/1\/wp-json\/wp\/v2\/media\/40790"}],"wp:attachment":[{"href":"https:\/\/www.caririemacao.com\/1\/wp-json\/wp\/v2\/media?parent=40789"}],"wp:term":[{"taxonomy":"category","embeddable":true,"href":"https:\/\/www.caririemacao.com\/1\/wp-json\/wp\/v2\/categories?post=40789"},{"taxonomy":"post_tag","embeddable":true,"href":"https:\/\/www.caririemacao.com\/1\/wp-json\/wp\/v2\/tags?post=40789"}],"curies":[{"name":"wp","href":"https:\/\/api.w.org\/{rel}","templated":true}]}}