{"id":40802,"date":"2018-02-13T11:00:10","date_gmt":"2018-02-13T14:00:10","guid":{"rendered":"http:\/\/caririemacao.com\/1\/?p=40802"},"modified":"2018-02-13T11:00:10","modified_gmt":"2018-02-13T14:00:10","slug":"inscricoes-para-o-fies-2018-tera-inicio-no-proximo-dia-19-de-fevereiro","status":"publish","type":"post","link":"https:\/\/www.caririemacao.com\/1\/2018\/02\/13\/inscricoes-para-o-fies-2018-tera-inicio-no-proximo-dia-19-de-fevereiro\/","title":{"rendered":"Inscri\u00e7\u00f5es para o Fies 2018 ter\u00e1 inicio no pr\u00f3ximo dia 19 de fevereiro"},"content":{"rendered":"<p>As inscri\u00e7\u00f5es para o Fundo de Financiamento Estudantil (Fies) referentes o primeiro semestre de 2018 estar\u00e3o abertas entre 19 e 23 de fevereiro. O Novo Fies, sancionado em 7 de dezembro de 2017 pelo presidente Michel Temer, \u00e9 um modelo de financiamento estudantil moderno, que divide o programa em diferentes modalidades, oferecendo condi\u00e7\u00f5es a quem mais precisa e uma escala de financiamentos que varia conforme a renda familiar do candidato. Do total de vagas ofertadas, 100 mil ter\u00e3o juros zero.<\/p>\n<p>\u201cCom o Novo Fies, uma das maiores novidades \u00e9 a transpar\u00eancia das informa\u00e7\u00f5es\u201d, destaca o diretor de Pol\u00edticas e Programas de Educa\u00e7\u00e3o Superior do Minist\u00e9rio da Educa\u00e7\u00e3o, Vicente Almeida. \u201cO estudante passar\u00e1 a conhecer o valor integral do curso a ser financiado durante a assinatura do contrato. Isso melhora as condi\u00e7\u00f5es de financiamento para o candidato, e essa transpar\u00eancia tamb\u00e9m vai ajud\u00e1-lo a escolher melhor o curso e a institui\u00e7\u00e3o\u201d.<\/p>\n<p>S\u00e3o 310 mil novas vagas para 2018. Na primeira modalidade, ser\u00e3o ofertadas 100 mil vagas com juros zero para os estudantes que tiverem uma renda per capita mensal familiar de at\u00e9 tr\u00eas sal\u00e1rios m\u00ednimos. Candidatos inclu\u00eddos nessa situa\u00e7\u00e3o come\u00e7ar\u00e3o a pagar as presta\u00e7\u00f5es respeitando o seu limite de renda; dessa forma, os encargos diminuem consideravelmente.<\/p>\n<p>As outras duas modalidades de financiamento s\u00e3o para estudantes com renda familiar de at\u00e9 cinco sal\u00e1rios m\u00ednimos. Para atender a essa parcela de candidatos, o Novo Fies ter\u00e1 recursos dos Fundos Constitucionais e de Desenvolvimento.<\/p>\n<p><strong>Sele\u00e7\u00e3o<\/strong>\u00a0\u2013 Para poder concorrer a uma vaga, o candidato dever\u00e1 cumprir por antecipa\u00e7\u00e3o os seguintes requisitos: ter feito uma das edi\u00e7\u00f5es do Exame Nacional do Ensino M\u00e9dio (Enem) a partir de 2010, com m\u00e9dia igual ou superior a 450 pontos, e n\u00e3o ter zerado a reda\u00e7\u00e3o.<\/p>\n<p>As inscri\u00e7\u00f5es ser\u00e3o realizadas exclusivamente pela internet, no site do Fies Sele\u00e7\u00e3o. Em caso de pr\u00e9-sele\u00e7\u00e3o em uma das vagas dispon\u00edveis para financiamento, o estudante dever\u00e1 complementar informa\u00e7\u00f5es da sua inscri\u00e7\u00e3o e, posteriormente, fechar a contrata\u00e7\u00e3o do financiamento.<\/p>\n<p>Poder\u00e3o ser financiados os cursos de gradua\u00e7\u00e3o com conceito maior ou igual a tr\u00eas no Sistema Nacional de Avalia\u00e7\u00e3o da Educa\u00e7\u00e3o Superior (Sinaes) ofertados pelas institui\u00e7\u00f5es de ensino superior participantes do Fies. Tamb\u00e9m poder\u00e3o participar do programa os cursos que, ainda n\u00e3o avaliados pelo Sinaes, estejam autorizados para funcionamento pelo cadastro do MEC. Durante o curso, o estudante deve ter rendimento para ser aprovado em todas as mat\u00e9rias.<\/p>\n<p>Mais informa\u00e7\u00f5es podem ser consultadas no\u00a0hotsite\u00a0do programa.<\/p>\n<p><strong>CARIRI EM A\u00c7\u00c3O<\/strong><\/p>\n<p><em>Assessoria de Comunica\u00e7\u00e3o Social Com Para\u00edba J\u00e1 \/ Foto: Reprodu\u00e7\u00e3o google\u00a0<\/em><\/p>\n<p><strong>Leia mais not\u00edcias em\u00a0<\/strong><a href=\"http:\/\/www.caririemacao.com\/\"><strong>caririemacao.com<\/strong><\/a><strong>, siga nossa p\u00e1gina no\u00a0<\/strong><a href=\"https:\/\/www.facebook.com\/CaririEmAcao\/?ref=aymt_homepage_panel\"><strong>Facebook<\/strong><\/a>,<strong>\u00a0<\/strong><a href=\"https:\/\/www.instagram.com\/cariri_em_acao\/?hl=pt-br\"><strong>Instagram<\/strong><\/a><strong>\u00a0e\u00a0<\/strong><a href=\"https:\/\/www.youtube.com\/channel\/UCAptA0jQuYQy8vMhLt2m4qg\"><strong>Youtube<\/strong><\/a><strong>\u00a0e veja nossas mat\u00e9rias, v\u00eddeos e fotos. Voc\u00ea tamb\u00e9m pode enviar informa\u00e7\u00f5es \u00e0 Reda\u00e7\u00e3o do Portal Cariri em A\u00e7\u00e3o pelo WhatsApp (83) 9 9634.5791, (83) 9 9601-1162.<\/strong><\/p>\n","protected":false},"excerpt":{"rendered":"<p>As inscri\u00e7\u00f5es para o Fundo de Financiamento Estudantil (Fies) referentes o primeiro semestre de 2018 estar\u00e3o abertas entre 19 e 23 de fevereiro. O Novo&hellip; <\/p>\n","protected":false},"author":2,"featured_media":39464,"comment_status":"closed","ping_status":"closed","sticky":false,"template":"","format":"standard","meta":{"sfsi_plus_gutenberg_text_before_share":"","sfsi_plus_gutenberg_show_text_before_share":"","sfsi_plus_gutenberg_icon_type":"","sfsi_plus_gutenberg_icon_alignemt":"","sfsi_plus_gutenburg_max_per_row":"","footnotes":""},"categories":[14],"tags":[],"class_list":["post-40802","post","type-post","status-publish","format-standard","has-post-thumbnail","hentry","category-educacao"],"_links":{"self":[{"href":"https:\/\/www.caririemacao.com\/1\/wp-json\/wp\/v2\/posts\/40802","targetHints":{"allow":["GET"]}}],"collection":[{"href":"https:\/\/www.caririemacao.com\/1\/wp-json\/wp\/v2\/posts"}],"about":[{"href":"https:\/\/www.caririemacao.com\/1\/wp-json\/wp\/v2\/types\/post"}],"author":[{"embeddable":true,"href":"https:\/\/www.caririemacao.com\/1\/wp-json\/wp\/v2\/users\/2"}],"replies":[{"embeddable":true,"href":"https:\/\/www.caririemacao.com\/1\/wp-json\/wp\/v2\/comments?post=40802"}],"version-history":[{"count":0,"href":"https:\/\/www.caririemacao.com\/1\/wp-json\/wp\/v2\/posts\/40802\/revisions"}],"wp:featuredmedia":[{"embeddable":true,"href":"https:\/\/www.caririemacao.com\/1\/wp-json\/wp\/v2\/media\/39464"}],"wp:attachment":[{"href":"https:\/\/www.caririemacao.com\/1\/wp-json\/wp\/v2\/media?parent=40802"}],"wp:term":[{"taxonomy":"category","embeddable":true,"href":"https:\/\/www.caririemacao.com\/1\/wp-json\/wp\/v2\/categories?post=40802"},{"taxonomy":"post_tag","embeddable":true,"href":"https:\/\/www.caririemacao.com\/1\/wp-json\/wp\/v2\/tags?post=40802"}],"curies":[{"name":"wp","href":"https:\/\/api.w.org\/{rel}","templated":true}]}}