{"id":40804,"date":"2018-02-13T11:03:47","date_gmt":"2018-02-13T14:03:47","guid":{"rendered":"http:\/\/caririemacao.com\/1\/?p=40804"},"modified":"2018-02-13T11:03:47","modified_gmt":"2018-02-13T14:03:47","slug":"basel-x-city-e-juventus-x-tottenham-comecam-as-8as-de-final-da-champions-nesta-terca","status":"publish","type":"post","link":"https:\/\/www.caririemacao.com\/1\/2018\/02\/13\/basel-x-city-e-juventus-x-tottenham-comecam-as-8as-de-final-da-champions-nesta-terca\/","title":{"rendered":"Basel x City e Juventus x Tottenham: come\u00e7am as 8\u00aas de final da Champions nesta ter\u00e7a"},"content":{"rendered":"<div class=\"mc-column content-text active-extra-styles active-capital-letter\" data-block-type=\"unstyled\" data-block-weight=\"79\" data-block-id=\"2\">\n<p class=\"content-text__container theme-color-primary-first-letter\" data-track-category=\"Link no Texto\" data-track-links=\"\">\u00c9 ter\u00e7a-feira de carnaval, n\u00f3s sabemos. Mas d\u00ea um tempo nos bloquinhos e reserve um momento para sentar no sof\u00e1, fazer um churrasco com os amigos ou encostar no bar com televis\u00e3o mais pr\u00f3ximo porque a Liga dos Campe\u00f5es est\u00e1 de volta. Com dois jogos: Basel x Manchester City, no Jakob-Park; e Juventus x Tottenham, em Turim \u2013 ambos \u00e0s 17h45 (de Bras\u00edlia). A folia se aproxima do fim, mas as oitavas de final da Champions est\u00e3o apenas come\u00e7ando\u2026<\/p>\n<\/div>\n<div class=\"mc-column content-text active-extra-styles \" data-block-type=\"unstyled\" data-block-weight=\"86\" data-block-id=\"5\">\n<p class=\"content-text__container \" data-track-category=\"Link no Texto\" data-track-links=\"\">L\u00edder disparado do Campeonato Ingl\u00eas e a equipe que, para muitos, apresenta o melhor futebol at\u00e9 aqui na temporada, o Manchester City de Pep Guardiola entra em campo acompanhado de um favoritismo indiscut\u00edvel diante dos su\u00ed\u00e7os do Basel. Na fase anterior, o City terminou em primeiro no seu grupo com cinco vit\u00f3rias e uma derrota (para o Shakhtar, na \u00faltima rodada), enquanto o time do treinador Raphael Wicky avan\u00e7ou em segundo na chave de Manchester United, CSKA e Benfica: campanha de quatro vit\u00f3rias e duas derrotas.<\/p>\n<\/div>\n<div class=\"mc-column content-text active-extra-styles \" data-block-type=\"unstyled\" data-block-weight=\"61\" data-block-id=\"7\">\n<p class=\"content-text__container \" data-track-category=\"Link no Texto\" data-track-links=\"\">\u2013 Na Champions League, o Basel fez alguns grandes jogos na fase de grupos. S\u00e3o fortes e bem organizados atr\u00e1s e bons no contra-ataque. Disse aos meus jogadores que seria muito, muito dif\u00edcil, em especial aqui. Mas estamos confiantes. Os nossos objetivos s\u00e3o fazer melhor do que na temporada passada. Queremos, pelo menos, chegar nas quartas de final \u2013 declarou Guardiola.<\/p>\n<\/div>\n<div class=\"mc-column content-text active-extra-styles \" data-block-type=\"unstyled\" data-block-weight=\"54\" data-block-id=\"9\">\n<p class=\"content-text__container \" data-track-category=\"Link no Texto\" data-track-links=\"\">O t\u00e9cnico Guardiola ainda n\u00e3o pode contar com Mendy e Gabriel Jesus, que est\u00e3o lesionados e sequer foram relacionados. Por outro lado, ter\u00e1 o retorno de San\u00e9, que se recuperou antes do previsto de uma les\u00e3o feia sofrida durante a Copa da Inglaterra. O alem\u00e3o, no entanto, provavelmente ser\u00e1 op\u00e7\u00e3o no banco de reservas.<\/p>\n<\/div>\n<div class=\"mc-column content-text active-extra-styles \" data-block-type=\"unstyled\" data-block-weight=\"53\" data-block-id=\"11\">\n<p class=\"content-text__container \" data-track-category=\"Link no Texto\" data-track-links=\"\">O Basel, a julgar pelo discurso de Raphael Wicky, se prepara para uma partida de xadrez. O treinador sabe que precisa de uma partida perfeita para conservar o r\u00f3tulo de azar\u00e3 adquirido na primeira fase e tem em Oberlin, autor de quatro gols e um dos artilheiros da competi\u00e7\u00e3o, a esperan\u00e7a para isso.<\/p>\n<\/div>\n<div class=\"mc-column content-text active-extra-styles \" data-block-type=\"unstyled\" data-block-weight=\"76\" data-block-id=\"13\">\n<p class=\"content-text__container \" data-track-category=\"Link no Texto\" data-track-links=\"\">\u2013 O Manchester City n\u00e3o tem basicamente pontos fracos. Eles podem mudar o seu modo de jogar, s\u00e3o flex\u00edveis e podem reagir em fun\u00e7\u00e3o do advers\u00e1rio. T\u00eam qualidade, e o seu treinador tem qualidade, como o Barcelona e Bayern. S\u00e3o uma equipe incrivelmente forte. Quando tivermos a bola, temos que ter a coragem de a usar. Tudo tem de nos correr na perfei\u00e7\u00e3o, em todos os aspectos, se quisermos fazer uma grande surpresa \u2013 disse ele.<\/p>\n<\/div>\n<div class=\"mc-column content-text active-extra-styles \" data-block-type=\"unstyled\" data-block-weight=\"16\" data-block-id=\"14\">\n<p class=\"content-text__container \" data-track-category=\"Link no Texto\" data-track-links=\"\"><strong>Prov\u00e1veis escala\u00e7\u00f5es<br \/>\nBASEL:\u00a0<\/strong>Vacl\u00edk, Lacroix, Sucky, Balanta, Lang, Frei, Xhaka, Petretta, Elyounoussi, Van Wolfswinkel e Oberlin.<\/p>\n<\/div>\n<div class=\"mc-column content-text active-extra-styles \" data-block-type=\"unstyled\" data-block-weight=\"17\" data-block-id=\"15\">\n<p class=\"content-text__container \" data-track-category=\"Link no Texto\" data-track-links=\"\"><strong>MANCHESTER CITY:<\/strong>\u00a0Ederson, Walker, Otamendi, Laporte, Zinchenko, Fernandinho, Bernardo Silva, David Silva, De Bruyne, Sterling e Ag\u00fcero.<\/p>\n<\/div>\n<div class=\"mc-column content-text active-extra-styles\" data-block-type=\"raw\" data-block-weight=\"6\" data-block-id=\"16\">\n<div class=\"content-intertitle\">\n<h2>Parada dura para Kane e companhia<\/h2>\n<div class=\"mc-column content-text active-extra-styles \" data-block-type=\"unstyled\" data-block-weight=\"82\" data-block-id=\"17\">\n<p class=\"content-text__container \" data-track-category=\"Link no Texto\" data-track-links=\"\">Dizer apenas que Harry Kane vai enfrentar Gianluigi Buffon poderia ser o suficiente, mas a verdade \u00e9 que um dos principais goleadores da Europa e vice-artilheiro da Liga dos Campe\u00f5es (seis gols) vai encarar uma das melhores defesas do mundo j\u00e1 h\u00e1 algum tempo. Na primeira fase, por exemplo, foram apenas cinco gols sofridos e sete marcados. A campanha de tr\u00eas vit\u00f3rias, dois empates e uma derrota rendeu a segunda coloca\u00e7\u00e3o do grupo que tamb\u00e9m tinha Barcelona (o l\u00edder), Sporting e Olympiacos.<\/p>\n<\/div>\n<div class=\"mc-column content-text active-extra-styles \" data-block-type=\"unstyled\" data-block-weight=\"42\" data-block-id=\"19\">\n<p class=\"content-text__container \" data-track-category=\"Link no Texto\" data-track-links=\"\">Bem diferente do que fez o Tottenham, que assumiu o protagonismo de uma chave que tinha ningu\u00e9m menos que o atual campe\u00e3o Real Madrid e avan\u00e7ou em primeiro, invicto (cinco vit\u00f3rias e uma derrota) e com 15 gols marcados nos seis jogos.<\/p>\n<\/div>\n<div class=\"mc-column content-text active-extra-styles \" data-block-type=\"unstyled\" data-block-weight=\"70\" data-block-id=\"20\">\n<p class=\"content-text__container \" data-track-category=\"Link no Texto\" data-track-links=\"\">\u2013 Vamos ter de jogar com intelig\u00eancia e t\u00e9cnica, e tentar n\u00e3o sofrer gols, embora um 0 a 0 n\u00e3o me deixe satisfeito. Sabemos as for\u00e7as deles e sabemos que \u00e0s vezes teremos de sofrer porque o Tottenham tem quatro jogadores de grande qualidade no ataque. Vamos ter de estar no nosso melhor n\u00edvel t\u00e9cnico porque nas batalhas f\u00edsicas eles v\u00e3o levar a melhor \u2013 declarou Allegri, t\u00e9cnico da Juventus.<\/p>\n<\/div>\n<div class=\"mc-column content-text active-extra-styles \" data-block-type=\"unstyled\" data-block-weight=\"56\" data-block-id=\"22\">\n<p class=\"content-text__container \" data-track-category=\"Link no Texto\" data-track-links=\"\">Ainda sem poder contar com Cuadrado, a Juve tamb\u00e9m ter\u00e1 que driblar o desfalque de Dybala, que at\u00e9 voltou a treinar com o restante da equipe na segunda-feira, mas n\u00e3o foi relacionado por conta do desconforto no m\u00fasculo da coxa que o tirou dos \u00faltimos compromissos da equipe. O brasileiro Douglas Costa deve ser o titular.<\/p>\n<\/div>\n<div class=\"mc-column content-text active-extra-styles \" data-block-type=\"unstyled\" data-block-weight=\"42\" data-block-id=\"23\">\n<p class=\"content-text__container \" data-track-category=\"Link no Texto\" data-track-links=\"\">Os Spurs, por sua vez, v\u00e3o com o time praticamente completo. O t\u00e9cnico Mauricio Pochettino pregou um discurso de respeito na semana que antecedeu o duelo, embora tenha deixado claro que o Tottenham n\u00e3o pretende ficar apenas se defendendo fora de casa.<\/p>\n<\/div>\n<div class=\"mc-column content-text active-extra-styles \" data-block-type=\"unstyled\" data-block-weight=\"76\" data-block-id=\"25\">\n<p class=\"content-text__container \" data-track-category=\"Link no Texto\" data-track-links=\"\">\u00c9 imposs\u00edvel comparar a nossa hist\u00f3ria \u00e0 da Juventus, eles chegaram por duas vezes \u00e0 final nos \u00faltimos tr\u00eas anos. Mas temos um bom plano para este jogo e queremos estar ao n\u00edvel deles. Veremos se vamos ser capazes. Iremos precisar de motiva\u00e7\u00e3o, energia e vontade. N\u00e3o podemos mudar os nossos princ\u00edpios de jogo. Teremos de ser agressivos, corajosos e respeitar o nosso advers\u00e1rio. Quando jogava sonhava em estar envolvido em partidas como esta \u2013 disse.<\/p>\n<\/div>\n<div class=\"mc-column content-text active-extra-styles \" data-block-type=\"unstyled\" data-block-weight=\"18\" data-block-id=\"26\">\n<p class=\"content-text__container \" data-track-category=\"Link no Texto\" data-track-links=\"\"><strong>Prov\u00e1veis escala\u00e7\u00f5es:<br \/>\nJUVENTUS:<\/strong>\u00a0Buffon, De Sciglio, Benatia, Chiellini, Alex Sandro, Khedira, Pjanic, Bentancur, Douglas Costa, Mandzukic e Higua\u00edn<\/p>\n<\/div>\n<div class=\"mc-column content-text active-extra-styles \" data-block-type=\"unstyled\" data-block-weight=\"15\" data-block-id=\"27\">\n<p class=\"content-text__container \" data-track-category=\"Link no Texto\" data-track-links=\"\"><strong>TOTTENHAM:<\/strong>\u00a0Lloris, Trippier, S\u00e1nchez, Vertonghen, Son, Demb\u00e9l\u00e9, Dier, Davies, Eriksen, Dele Alli e Harry Kane<\/p>\n<p><strong>CARIRI EM A\u00c7\u00c3O<\/strong><\/p>\n<p><em>Com Para\u00edba J\u00e1 \/ Foto:\u00a0Para\u00edba J\u00e1 <\/em><\/p>\n<p><strong>Leia mais not\u00edcias em\u00a0<\/strong><a href=\"http:\/\/www.caririemacao.com\/\"><strong>caririemacao.com<\/strong><\/a><strong>, siga nossa p\u00e1gina no\u00a0<\/strong><a href=\"https:\/\/www.facebook.com\/CaririEmAcao\/?ref=aymt_homepage_panel\"><strong>Facebook<\/strong><\/a>,<strong>\u00a0<\/strong><a href=\"https:\/\/www.instagram.com\/cariri_em_acao\/?hl=pt-br\"><strong>Instagram<\/strong><\/a><strong>\u00a0e\u00a0<\/strong><a href=\"https:\/\/www.youtube.com\/channel\/UCAptA0jQuYQy8vMhLt2m4qg\"><strong>Youtube<\/strong><\/a><strong>\u00a0e veja nossas mat\u00e9rias, v\u00eddeos e fotos. Voc\u00ea tamb\u00e9m pode enviar informa\u00e7\u00f5es \u00e0 Reda\u00e7\u00e3o do Portal Cariri em A\u00e7\u00e3o pelo WhatsApp (83) 9 9634.5791, (83) 9 9601-1162.<\/strong><\/p>\n<\/div>\n<div class=\"fbcb_container\" align=\"center\"><\/div>\n<\/div>\n<\/div>\n","protected":false},"excerpt":{"rendered":"<p>\u00c9 ter\u00e7a-feira de carnaval, n\u00f3s sabemos. Mas d\u00ea um tempo nos bloquinhos e reserve um momento para sentar no sof\u00e1, fazer um churrasco com os&hellip; <\/p>\n","protected":false},"author":2,"featured_media":40805,"comment_status":"closed","ping_status":"closed","sticky":false,"template":"","format":"standard","meta":{"sfsi_plus_gutenberg_text_before_share":"","sfsi_plus_gutenberg_show_text_before_share":"","sfsi_plus_gutenberg_icon_type":"","sfsi_plus_gutenberg_icon_alignemt":"","sfsi_plus_gutenburg_max_per_row":"","footnotes":""},"categories":[13],"tags":[],"class_list":["post-40804","post","type-post","status-publish","format-standard","has-post-thumbnail","hentry","category-esportes"],"_links":{"self":[{"href":"https:\/\/www.caririemacao.com\/1\/wp-json\/wp\/v2\/posts\/40804","targetHints":{"allow":["GET"]}}],"collection":[{"href":"https:\/\/www.caririemacao.com\/1\/wp-json\/wp\/v2\/posts"}],"about":[{"href":"https:\/\/www.caririemacao.com\/1\/wp-json\/wp\/v2\/types\/post"}],"author":[{"embeddable":true,"href":"https:\/\/www.caririemacao.com\/1\/wp-json\/wp\/v2\/users\/2"}],"replies":[{"embeddable":true,"href":"https:\/\/www.caririemacao.com\/1\/wp-json\/wp\/v2\/comments?post=40804"}],"version-history":[{"count":0,"href":"https:\/\/www.caririemacao.com\/1\/wp-json\/wp\/v2\/posts\/40804\/revisions"}],"wp:featuredmedia":[{"embeddable":true,"href":"https:\/\/www.caririemacao.com\/1\/wp-json\/wp\/v2\/media\/40805"}],"wp:attachment":[{"href":"https:\/\/www.caririemacao.com\/1\/wp-json\/wp\/v2\/media?parent=40804"}],"wp:term":[{"taxonomy":"category","embeddable":true,"href":"https:\/\/www.caririemacao.com\/1\/wp-json\/wp\/v2\/categories?post=40804"},{"taxonomy":"post_tag","embeddable":true,"href":"https:\/\/www.caririemacao.com\/1\/wp-json\/wp\/v2\/tags?post=40804"}],"curies":[{"name":"wp","href":"https:\/\/api.w.org\/{rel}","templated":true}]}}