{"id":40810,"date":"2018-02-13T23:56:59","date_gmt":"2018-02-14T02:56:59","guid":{"rendered":"http:\/\/caririemacao.com\/1\/?p=40810"},"modified":"2018-02-13T23:56:59","modified_gmt":"2018-02-14T02:56:59","slug":"seis-presos-fogem-apos-falta-de-energia-em-presidio-da-pb","status":"publish","type":"post","link":"https:\/\/www.caririemacao.com\/1\/2018\/02\/13\/seis-presos-fogem-apos-falta-de-energia-em-presidio-da-pb\/","title":{"rendered":"Seis presos fogem ap\u00f3s falta de energia em pres\u00eddio da PB"},"content":{"rendered":"<p>Seis presos da Col\u00f4nia Penal Agr\u00edcola de Sousa, munic\u00edpio do Sert\u00e3o paraibano, a 435 quil\u00f4metros de Jo\u00e3o Pessoa, conseguiram fugir da unidade, na madrugada desta ter\u00e7a-feira (13), durante um apag\u00e3o el\u00e9trico provavelmente causado por chuva e ventos fortes.<\/p>\n<p>De acordo com a Pol\u00edcia Militar, os presos teriam se aproveitado da falta de energia para confeccionar uma corda chamada de \u2018Tereza\u2019, feita com len\u00e7\u00f3is, para pular a cerca el\u00e9trica. A fuga foi descoberta pelos agentes penitenci\u00e1rios e os policiais militares, que reagiram e conseguiram evitar que mais apenados fugissem.<\/p>\n<p>Ap\u00f3s pularem a cerca el\u00e9trica e o muro, os presos correram para um matagal. Ainda conforme a PM, uma opera\u00e7\u00e3o vem sendo executada para tentar localizar os fugitivos, mas at\u00e9 as 14h30 nenhuma dos apenados havia sido recapturado.<\/p>\n<p><strong>CARIRI EM A\u00c7\u00c3O<\/strong><\/p>\n<p><em>Com Portal Correio\/Foto:\u00a0Col\u00f4nia Penal Agr\u00edcola de Sousa<\/em><\/p>\n<p><strong>Leia mais not\u00edcias em\u00a0<\/strong><a href=\"http:\/\/www.caririemacao.com\/\"><strong>caririemacao.com<\/strong><\/a><strong>, siga nossa p\u00e1gina no\u00a0<\/strong><a href=\"https:\/\/www.facebook.com\/CaririEmAcao\/?ref=aymt_homepage_panel\"><strong>Facebook<\/strong><\/a>,<strong>\u00a0<\/strong><a href=\"https:\/\/www.instagram.com\/cariri_em_acao\/?hl=pt-br\"><strong>Instagram<\/strong><\/a><strong>\u00a0e\u00a0<\/strong><a href=\"https:\/\/www.youtube.com\/channel\/UCAptA0jQuYQy8vMhLt2m4qg\"><strong>Youtube<\/strong><\/a><strong>\u00a0e veja nossas mat\u00e9rias, v\u00eddeos e fotos. Voc\u00ea tamb\u00e9m pode enviar informa\u00e7\u00f5es \u00e0 Reda\u00e7\u00e3o do Portal Cariri em A\u00e7\u00e3o pelo WhatsApp (83) 9 9634.5791, (83) 9 9601-1162.<\/strong><\/p>\n","protected":false},"excerpt":{"rendered":"<p>Seis presos da Col\u00f4nia Penal Agr\u00edcola de Sousa, munic\u00edpio do Sert\u00e3o paraibano, a 435 quil\u00f4metros de Jo\u00e3o Pessoa, conseguiram fugir da unidade, na madrugada desta&hellip; <\/p>\n","protected":false},"author":2,"featured_media":40811,"comment_status":"closed","ping_status":"closed","sticky":false,"template":"","format":"standard","meta":{"sfsi_plus_gutenberg_text_before_share":"","sfsi_plus_gutenberg_show_text_before_share":"","sfsi_plus_gutenberg_icon_type":"","sfsi_plus_gutenberg_icon_alignemt":"","sfsi_plus_gutenburg_max_per_row":"","footnotes":""},"categories":[12],"tags":[],"class_list":["post-40810","post","type-post","status-publish","format-standard","has-post-thumbnail","hentry","category-policia"],"_links":{"self":[{"href":"https:\/\/www.caririemacao.com\/1\/wp-json\/wp\/v2\/posts\/40810","targetHints":{"allow":["GET"]}}],"collection":[{"href":"https:\/\/www.caririemacao.com\/1\/wp-json\/wp\/v2\/posts"}],"about":[{"href":"https:\/\/www.caririemacao.com\/1\/wp-json\/wp\/v2\/types\/post"}],"author":[{"embeddable":true,"href":"https:\/\/www.caririemacao.com\/1\/wp-json\/wp\/v2\/users\/2"}],"replies":[{"embeddable":true,"href":"https:\/\/www.caririemacao.com\/1\/wp-json\/wp\/v2\/comments?post=40810"}],"version-history":[{"count":0,"href":"https:\/\/www.caririemacao.com\/1\/wp-json\/wp\/v2\/posts\/40810\/revisions"}],"wp:featuredmedia":[{"embeddable":true,"href":"https:\/\/www.caririemacao.com\/1\/wp-json\/wp\/v2\/media\/40811"}],"wp:attachment":[{"href":"https:\/\/www.caririemacao.com\/1\/wp-json\/wp\/v2\/media?parent=40810"}],"wp:term":[{"taxonomy":"category","embeddable":true,"href":"https:\/\/www.caririemacao.com\/1\/wp-json\/wp\/v2\/categories?post=40810"},{"taxonomy":"post_tag","embeddable":true,"href":"https:\/\/www.caririemacao.com\/1\/wp-json\/wp\/v2\/tags?post=40810"}],"curies":[{"name":"wp","href":"https:\/\/api.w.org\/{rel}","templated":true}]}}