{"id":40813,"date":"2018-02-14T00:00:32","date_gmt":"2018-02-14T03:00:32","guid":{"rendered":"http:\/\/caririemacao.com\/1\/?p=40813"},"modified":"2018-02-14T00:00:32","modified_gmt":"2018-02-14T03:00:32","slug":"crianca-e-internada-e-familia-suspeita-de-espancamento","status":"publish","type":"post","link":"https:\/\/www.caririemacao.com\/1\/2018\/02\/14\/crianca-e-internada-e-familia-suspeita-de-espancamento\/","title":{"rendered":"Crian\u00e7a \u00e9 internada e fam\u00edlia suspeita de espancamento"},"content":{"rendered":"<p>Uma menina de apenas dois anos de idade deu entrada no Hospital de Emerg\u00eancia e Trauma Dom Luiz Gonzaga Fernandes, em Campina Grande, ap\u00f3s suposta queda de uma escada. No entanto, familiares da crian\u00e7a suspeitam de que ela tenha sido espancada pela pr\u00f3pria m\u00e3e que seria usu\u00e1ria de drogas.\u00a0H\u00e1 pouco mais de uma semana, caso parecido foi registrado no Trauma Senador Humberto Lucena, em Jo\u00e3o Pessoa, quando uma crian\u00e7a da mesma idade morreu e os av\u00f3s acusam a m\u00e3e da garota.<\/p>\n<p>No caso de Campina Grande registrado nesta ter\u00e7a-feira (13), o fato ocorreu no bairro do Alto Branco e, de acordo com apura\u00e7\u00e3o, a m\u00e3e chegou com a menina sangrando na casa dos av\u00f3s por volta das 4h da madrugada. Ela tinha cortes na boca e na testa e, segundo a m\u00e3e, teria ca\u00eddo da escada da casa onde mora.<\/p>\n<p>A menina est\u00e1 em observa\u00e7\u00e3o e deve receber alta ainda nesta ter\u00e7a. O fato foi levado ao conhecimento do Conselho Tutelar, que j\u00e1 acompanha a fam\u00edlia h\u00e1 algum tempo.<\/p>\n<p>A tia da crian\u00e7a j\u00e1 pediu a guarda dela na justi\u00e7a, mas a m\u00e3e estaria fazendo amea\u00e7as, caso perca a guarda da filha. \u201cEla j\u00e1 disse que se tirarem a menina dela, ela mata a crian\u00e7a e se mata\u201d, disse Marluce Firmino, av\u00f3 da garota.<\/p>\n<p>A fam\u00edlia do pai da menina ainda revelou que a m\u00e3e costuma se drogar e agredir o marido.<\/p>\n<p><strong>CARIRI EM A\u00c7\u00c3O<\/strong><\/p>\n<p><em>Com Portal Correio\/ Foto: Reprodu\u00e7\u00e3o google<\/em><\/p>\n<p><strong>Leia mais not\u00edcias em\u00a0<\/strong><a href=\"http:\/\/www.caririemacao.com\/\"><strong>caririemacao.com<\/strong><\/a><strong>, siga nossa p\u00e1gina no\u00a0<\/strong><a href=\"https:\/\/www.facebook.com\/CaririEmAcao\/?ref=aymt_homepage_panel\"><strong>Facebook<\/strong><\/a>,<strong>\u00a0<\/strong><a href=\"https:\/\/www.instagram.com\/cariri_em_acao\/?hl=pt-br\"><strong>Instagram<\/strong><\/a><strong>\u00a0e\u00a0<\/strong><a href=\"https:\/\/www.youtube.com\/channel\/UCAptA0jQuYQy8vMhLt2m4qg\"><strong>Youtube<\/strong><\/a><strong>\u00a0e veja nossas mat\u00e9rias, v\u00eddeos e fotos. Voc\u00ea tamb\u00e9m pode enviar informa\u00e7\u00f5es \u00e0 Reda\u00e7\u00e3o do Portal Cariri em A\u00e7\u00e3o pelo WhatsApp (83) 9 9634.5791, (83) 9 9601-1162.<\/strong><\/p>\n","protected":false},"excerpt":{"rendered":"<p>Uma menina de apenas dois anos de idade deu entrada no Hospital de Emerg\u00eancia e Trauma Dom Luiz Gonzaga Fernandes, em Campina Grande, ap\u00f3s suposta&hellip; <\/p>\n","protected":false},"author":2,"featured_media":40814,"comment_status":"closed","ping_status":"closed","sticky":false,"template":"","format":"standard","meta":{"sfsi_plus_gutenberg_text_before_share":"","sfsi_plus_gutenberg_show_text_before_share":"","sfsi_plus_gutenberg_icon_type":"","sfsi_plus_gutenberg_icon_alignemt":"","sfsi_plus_gutenburg_max_per_row":"","footnotes":""},"categories":[2],"tags":[],"class_list":["post-40813","post","type-post","status-publish","format-standard","has-post-thumbnail","hentry","category-geral"],"_links":{"self":[{"href":"https:\/\/www.caririemacao.com\/1\/wp-json\/wp\/v2\/posts\/40813","targetHints":{"allow":["GET"]}}],"collection":[{"href":"https:\/\/www.caririemacao.com\/1\/wp-json\/wp\/v2\/posts"}],"about":[{"href":"https:\/\/www.caririemacao.com\/1\/wp-json\/wp\/v2\/types\/post"}],"author":[{"embeddable":true,"href":"https:\/\/www.caririemacao.com\/1\/wp-json\/wp\/v2\/users\/2"}],"replies":[{"embeddable":true,"href":"https:\/\/www.caririemacao.com\/1\/wp-json\/wp\/v2\/comments?post=40813"}],"version-history":[{"count":0,"href":"https:\/\/www.caririemacao.com\/1\/wp-json\/wp\/v2\/posts\/40813\/revisions"}],"wp:featuredmedia":[{"embeddable":true,"href":"https:\/\/www.caririemacao.com\/1\/wp-json\/wp\/v2\/media\/40814"}],"wp:attachment":[{"href":"https:\/\/www.caririemacao.com\/1\/wp-json\/wp\/v2\/media?parent=40813"}],"wp:term":[{"taxonomy":"category","embeddable":true,"href":"https:\/\/www.caririemacao.com\/1\/wp-json\/wp\/v2\/categories?post=40813"},{"taxonomy":"post_tag","embeddable":true,"href":"https:\/\/www.caririemacao.com\/1\/wp-json\/wp\/v2\/tags?post=40813"}],"curies":[{"name":"wp","href":"https:\/\/api.w.org\/{rel}","templated":true}]}}