{"id":40818,"date":"2018-02-14T00:36:33","date_gmt":"2018-02-14T03:36:33","guid":{"rendered":"http:\/\/caririemacao.com\/1\/?p=40818"},"modified":"2018-02-14T23:31:37","modified_gmt":"2018-02-15T02:31:37","slug":"junior-barao-e-farra-da-galega-encerra-caraubas-folia-2018","status":"publish","type":"post","link":"https:\/\/www.caririemacao.com\/1\/2018\/02\/14\/junior-barao-e-farra-da-galega-encerra-caraubas-folia-2018\/","title":{"rendered":"J\u00fanior Bar\u00e3o e Farra da Galega encerram Cara\u00fabas Folia 2018"},"content":{"rendered":"<p>As bandas Farra da Galega e J\u00fanior Bar\u00e3o encerraram oficialmente, na noite desta ter\u00e7a feira (13) a programa\u00e7\u00e3o do Cara\u00fabas Folia 2018, o evento ocorreu em pra\u00e7a p\u00fablica e contou com a presen\u00e7a de v\u00e1rios foli\u00f5es dos estados da Para\u00edba e Pernambuco.<\/p>\n<p><a href=\"http:\/\/caririemacao.com\/1\/wp-content\/uploads\/2018\/02\/page-9.jpg\"><img fetchpriority=\"high\" decoding=\"async\" class=\"aligncenter wp-image-40820 size-full\" src=\"http:\/\/caririemacao.com\/1\/wp-content\/uploads\/2018\/02\/page-9.jpg\" alt=\"\" width=\"500\" height=\"400\" srcset=\"https:\/\/www.caririemacao.com\/1\/wp-content\/uploads\/2018\/02\/page-9.jpg 500w, https:\/\/www.caririemacao.com\/1\/wp-content\/uploads\/2018\/02\/page-9-300x240.jpg 300w\" sizes=\"(max-width: 500px) 100vw, 500px\" \/><\/a><\/p>\n<p>Na oportunidade esteve prestigiando o evento Prefeito Silvano Dudu ao lado de sua esposa Neide Assis, ainda esteve presente no encerramento do Carnaval de Cara\u00fabas o presidente da C\u00e2mara de Vereadores, Renivan Neves, e os vereadores Nero, Tomaz e Teinha da Sa\u00fade e outras autoridades.<\/p>\n<p>O Cara\u00fabas Folia 2018 se consagra como um dos melhores carnavais da Regi\u00e3o do Cariri.<\/p>\n<p><a href=\"https:\/\/www.facebook.com\/pg\/CaririEmAcao\/photos\/?tab=album&amp;album_id=1182936758509012\">VEJA OS PRINCIPAIS CLIQUES<\/a><\/p>\n<p><strong>CARIRI EM A\u00c7\u00c3O<\/strong><\/p>\n<p><em>Reda\u00e7\u00e3o Cariri em A\u00e7\u00e3o\u00a0<\/em><\/p>\n<p><strong>Leia mais not\u00edcias em\u00a0<\/strong><a href=\"http:\/\/www.caririemacao.com\/\"><strong>caririemacao.com<\/strong><\/a><strong>, siga nossa p\u00e1gina no\u00a0<\/strong><a href=\"https:\/\/www.facebook.com\/CaririEmAcao\/?ref=aymt_homepage_panel\"><strong>Facebook<\/strong><\/a>,<strong>\u00a0<\/strong><a href=\"https:\/\/www.instagram.com\/cariri_em_acao\/?hl=pt-br\"><strong>Instagram<\/strong><\/a><strong>\u00a0e <\/strong><a href=\"https:\/\/www.youtube.com\/channel\/UCAptA0jQuYQy8vMhLt2m4qg\"><strong>Youtube<\/strong><\/a><strong>\u00a0e veja nossas mat\u00e9rias, v\u00eddeos e fotos. Voc\u00ea tamb\u00e9m pode enviar informa\u00e7\u00f5es \u00e0 Reda\u00e7\u00e3o do Portal Cariri em A\u00e7\u00e3o pelo WhatsApp (83) 9 9634.5791, (83) 9 9601-1162.<\/strong><\/p>\n","protected":false},"excerpt":{"rendered":"<p>As bandas Farra da Galega e J\u00fanior Bar\u00e3o encerraram oficialmente, na noite desta ter\u00e7a feira (13) a programa\u00e7\u00e3o do Cara\u00fabas Folia 2018, o evento ocorreu&hellip; <\/p>\n","protected":false},"author":2,"featured_media":40819,"comment_status":"closed","ping_status":"closed","sticky":false,"template":"","format":"standard","meta":{"sfsi_plus_gutenberg_text_before_share":"","sfsi_plus_gutenberg_show_text_before_share":"","sfsi_plus_gutenberg_icon_type":"","sfsi_plus_gutenberg_icon_alignemt":"","sfsi_plus_gutenburg_max_per_row":"","footnotes":""},"categories":[6],"tags":[],"class_list":["post-40818","post","type-post","status-publish","format-standard","has-post-thumbnail","hentry","category-cidades"],"_links":{"self":[{"href":"https:\/\/www.caririemacao.com\/1\/wp-json\/wp\/v2\/posts\/40818","targetHints":{"allow":["GET"]}}],"collection":[{"href":"https:\/\/www.caririemacao.com\/1\/wp-json\/wp\/v2\/posts"}],"about":[{"href":"https:\/\/www.caririemacao.com\/1\/wp-json\/wp\/v2\/types\/post"}],"author":[{"embeddable":true,"href":"https:\/\/www.caririemacao.com\/1\/wp-json\/wp\/v2\/users\/2"}],"replies":[{"embeddable":true,"href":"https:\/\/www.caririemacao.com\/1\/wp-json\/wp\/v2\/comments?post=40818"}],"version-history":[{"count":0,"href":"https:\/\/www.caririemacao.com\/1\/wp-json\/wp\/v2\/posts\/40818\/revisions"}],"wp:featuredmedia":[{"embeddable":true,"href":"https:\/\/www.caririemacao.com\/1\/wp-json\/wp\/v2\/media\/40819"}],"wp:attachment":[{"href":"https:\/\/www.caririemacao.com\/1\/wp-json\/wp\/v2\/media?parent=40818"}],"wp:term":[{"taxonomy":"category","embeddable":true,"href":"https:\/\/www.caririemacao.com\/1\/wp-json\/wp\/v2\/categories?post=40818"},{"taxonomy":"post_tag","embeddable":true,"href":"https:\/\/www.caririemacao.com\/1\/wp-json\/wp\/v2\/tags?post=40818"}],"curies":[{"name":"wp","href":"https:\/\/api.w.org\/{rel}","templated":true}]}}