{"id":40822,"date":"2018-02-14T08:39:57","date_gmt":"2018-02-14T11:39:57","guid":{"rendered":"http:\/\/caririemacao.com\/1\/?p=40822"},"modified":"2018-02-14T08:39:57","modified_gmt":"2018-02-14T11:39:57","slug":"multidao-se-despede-do-jovem-tarcisio-em-sao-sebastiao-do-umbuzeiro","status":"publish","type":"post","link":"https:\/\/www.caririemacao.com\/1\/2018\/02\/14\/multidao-se-despede-do-jovem-tarcisio-em-sao-sebastiao-do-umbuzeiro\/","title":{"rendered":"Multid\u00e3o se despede do jovem Tarc\u00edsio em S\u00e3o Sebasti\u00e3o do Umbuzeiro"},"content":{"rendered":"<p>Um dia de tristeza e de luto tomou conta da cidade de S\u00e3o Sebasti\u00e3o do Umbuzeiro, nesta ter\u00e7a-feira (13). Umbuzeirenses, familiares e amigos lotaram a frente da resid\u00eancia para se despedir do jovem Ayslan Tarc\u00edsio da Silva, 29 anos, v\u00edtima de um acidente no \u00faltimo domingo dia 12, \u00a0na PB-240, em uma curva, no trecho que liga S\u00e3o Jo\u00e3o do Tigre a S\u00e3o Sebasti\u00e3o do Umbuzeiro.<\/p>\n<p>Dezenas de pessoas se reuniram, durante o vel\u00f3rio, para prestar solidariedade \u00e0 fam\u00edlia. Ao som do Hino do Flamengo,\u00a0o caix\u00e3o\u00a0deixou a sua resid\u00eancia \u00e0s 10h30 e foi conduzido ao local do sepultamento.<\/p>\n<p>Ap\u00f3s o fim do cortejo f\u00fanebre, parentes e amigos homenagearam\u00a0Tarc\u00edsio, com uma calorosa salva de palma, ao som do hino\u00a0do time rubro-negro.<\/p>\n<p>Jovens!!<\/p>\n<p>Ame_se! Cuide_se\u2026.<br \/>\nAo pilotar use as ferramentas que te proteger\u00e3o de um acidente fatal!<br \/>\nAndar de moto \u00e9 maravilhoso! Mas requer cuidado e seguran\u00e7a seja respons\u00e1vel use o capacete<\/p>\n<p>Confira abaixo o v\u00eddeo da despedida de Tarc\u00edsio!<\/p>\n<p><strong>CARIRI EM A\u00c7\u00c3O<\/strong><\/p>\n<p><em>Com Blog do Didi\/Foto: Reprodu\u00e7\u00e3o Didi<\/em><\/p>\n<p><strong>Leia mais not\u00edcias em\u00a0<\/strong><a href=\"http:\/\/www.caririemacao.com\/\"><strong>caririemacao.com<\/strong><\/a><strong>, siga nossa p\u00e1gina no\u00a0<\/strong><a href=\"https:\/\/www.facebook.com\/CaririEmAcao\/?ref=aymt_homepage_panel\"><strong>Facebook<\/strong><\/a>,<strong>\u00a0<\/strong><a href=\"https:\/\/www.instagram.com\/cariri_em_acao\/?hl=pt-br\"><strong>Instagram<\/strong><\/a><strong>\u00a0e <\/strong><a href=\"https:\/\/www.youtube.com\/channel\/UCAptA0jQuYQy8vMhLt2m4qg\"><strong>Youtube<\/strong><\/a><strong>\u00a0e veja nossas mat\u00e9rias, v\u00eddeos e fotos. Voc\u00ea tamb\u00e9m pode enviar informa\u00e7\u00f5es \u00e0 Reda\u00e7\u00e3o do Portal Cariri em A\u00e7\u00e3o pelo WhatsApp (83) 9 9634.5791, (83) 9 9601-1162.<\/strong><\/p>\n","protected":false},"excerpt":{"rendered":"<p>Um dia de tristeza e de luto tomou conta da cidade de S\u00e3o Sebasti\u00e3o do Umbuzeiro, nesta ter\u00e7a-feira (13). Umbuzeirenses, familiares e amigos lotaram a&hellip; <\/p>\n","protected":false},"author":2,"featured_media":40823,"comment_status":"closed","ping_status":"closed","sticky":false,"template":"","format":"standard","meta":{"sfsi_plus_gutenberg_text_before_share":"","sfsi_plus_gutenberg_show_text_before_share":"","sfsi_plus_gutenberg_icon_type":"","sfsi_plus_gutenberg_icon_alignemt":"","sfsi_plus_gutenburg_max_per_row":"","footnotes":""},"categories":[6],"tags":[],"class_list":["post-40822","post","type-post","status-publish","format-standard","has-post-thumbnail","hentry","category-cidades"],"_links":{"self":[{"href":"https:\/\/www.caririemacao.com\/1\/wp-json\/wp\/v2\/posts\/40822","targetHints":{"allow":["GET"]}}],"collection":[{"href":"https:\/\/www.caririemacao.com\/1\/wp-json\/wp\/v2\/posts"}],"about":[{"href":"https:\/\/www.caririemacao.com\/1\/wp-json\/wp\/v2\/types\/post"}],"author":[{"embeddable":true,"href":"https:\/\/www.caririemacao.com\/1\/wp-json\/wp\/v2\/users\/2"}],"replies":[{"embeddable":true,"href":"https:\/\/www.caririemacao.com\/1\/wp-json\/wp\/v2\/comments?post=40822"}],"version-history":[{"count":0,"href":"https:\/\/www.caririemacao.com\/1\/wp-json\/wp\/v2\/posts\/40822\/revisions"}],"wp:featuredmedia":[{"embeddable":true,"href":"https:\/\/www.caririemacao.com\/1\/wp-json\/wp\/v2\/media\/40823"}],"wp:attachment":[{"href":"https:\/\/www.caririemacao.com\/1\/wp-json\/wp\/v2\/media?parent=40822"}],"wp:term":[{"taxonomy":"category","embeddable":true,"href":"https:\/\/www.caririemacao.com\/1\/wp-json\/wp\/v2\/categories?post=40822"},{"taxonomy":"post_tag","embeddable":true,"href":"https:\/\/www.caririemacao.com\/1\/wp-json\/wp\/v2\/tags?post=40822"}],"curies":[{"name":"wp","href":"https:\/\/api.w.org\/{rel}","templated":true}]}}