{"id":40833,"date":"2018-02-14T09:08:55","date_gmt":"2018-02-14T12:08:55","guid":{"rendered":"http:\/\/caririemacao.com\/1\/?p=40833"},"modified":"2018-02-14T09:08:55","modified_gmt":"2018-02-14T12:08:55","slug":"denuncia-eleitoral-contra-cristiane-brasil-parou-em-2010","status":"publish","type":"post","link":"https:\/\/www.caririemacao.com\/1\/2018\/02\/14\/denuncia-eleitoral-contra-cristiane-brasil-parou-em-2010\/","title":{"rendered":"Den\u00fancia eleitoral contra Cristiane Brasil parou em 2010"},"content":{"rendered":"<p>As suspeitas de associa\u00e7\u00e3o ao tr\u00e1fico durante a campanha eleitoral de 2010 contra a deputada federal e ministra nomeada\u00a0Cristiane Brasil (PTB-RJ)nunca foram investigadas na esfera eleitoral. A den\u00fancia \u00e9 de uma suposta coa\u00e7\u00e3o de eleitores e\u00a0consta de inqu\u00e9rito criminal da Pol\u00edcia Civil revelado pelo\u00a0Estado\u00a0no dia 3 de fevereiro.<\/p>\n<p>As acusa\u00e7\u00f5es foram recebidas pelo Tribunal Regional Eleitoral do Rio (TRE-RJ) em 10 de agosto de 2010 e, nove dias depois, enviadas ao Minist\u00e9rio P\u00fablico Estadual. O procedimento correto seria a abertura de um procedimento investigat\u00f3rio, o que n\u00e3o ocorreu. Ao\u00a0Estado, a Procuradoria Regional Eleitoral admitiu n\u00e3o ter registro da den\u00fancia. Em 19 de agosto de 2010, a den\u00fancia chegou ao 7.\u00ba Centro de Apoio Operacional do Minist\u00e9rio P\u00fablico Estadual, segundo registro do Tribunal. E, conforme a movimenta\u00e7\u00e3o eletr\u00f4nica, est\u00e1 l\u00e1 at\u00e9 ent\u00e3o.<\/p>\n<p>O MP estadual negou ter conhecimento da den\u00fancia e afirmou, em nota, que as elei\u00e7\u00f5es gerais de 2010 eram de responsabilidades da Procuradoria Regional Eleitoral. A Promotoria disse ainda que \u201cn\u00e3o localizou nenhum outro procedimento sen\u00e3o aquele inqu\u00e9rito policial remetido ao MPF no dia 26\/1\u201d revelado pelo\u00a0Estado.<\/p>\n<p>A Procuradoria, por sua vez, declarou que a den\u00fancia n\u00e3o chegou ao \u00f3rg\u00e3o. De acordo com a institui\u00e7\u00e3o, em casos como o envolvendo a deputada, o MP Estadual usualmente abre o procedimento, verifica que n\u00e3o \u00e9 sua atribui\u00e7\u00e3o direta, por ser mat\u00e9ria eleitoral, e o remete \u00e0 PRE. Esse procedimento, aparentemente, n\u00e3o foi conclu\u00eddo, porque a Procuradoria Eleitoral n\u00e3o tem registro de ter recebido os documentos e n\u00e3o abriu inqu\u00e9rito para apurar crime eleitoral nesse caso.<\/p>\n<p>Secretaria.Cristiane, que na \u00e9poca era vereadora licenciada e secret\u00e1ria municipal de Envelhecimento Saud\u00e1vel da capital, n\u00e3o se candidatou em 2010, mas naquele ano apoiou a candidatura do deputado estadual Marcus Vinicius (PTB) \u2013 ent\u00e3o seu cunhado \u2013 \u00e0 reelei\u00e7\u00e3o. Ela se candidatou e foi eleita deputada em 2014. Cristiane e Vinicius negam as acusa\u00e7\u00f5es.<\/p>\n<p>A den\u00fancia acusa Cristiane de repassar dinheiro a traficantes que controlavam comunidades do bairro de Cavalcanti, na zona norte do Rio, reduto eleitoral da parlamentar, em troca de apoio na regi\u00e3o. Al\u00e9m dela e de seu ex-cunhado, outros tr\u00eas assessores da deputada tamb\u00e9m foram apontados como envolvidos no caso. As acusa\u00e7\u00f5es incluem supostas amea\u00e7as a moradores que fariam propaganda para outros candidatos e a l\u00edderes comunit\u00e1rios que teriam resistido a apoiar a petebista.<\/p>\n<p>Ouvidoria.\u00a0Den\u00fancias sobre a suposta a\u00e7\u00e3o da deputada e seu grupo em Cavalcanti foram encaminhadas em 2010 \u00e0s Ouvidorias da Pol\u00edcia Civil e do Minist\u00e9rio P\u00fablico Estadual. Elas geraram um inqu\u00e9rito na Pol\u00edcia Civil, que ouviu Marcus Vinicius e expediu uma intima\u00e7\u00e3o para convocar Cristiane, vereadora licenciada na \u00e9poca, a depor. Esse depoimento nunca aconteceu, e a investiga\u00e7\u00e3o pouco avan\u00e7ou, ao longo de oito anos.<\/p>\n<p>Depois que o\u00a0Estadoprocurou a pol\u00edcia e o MP Estadual e questionou sobre as investiga\u00e7\u00f5es, a Procuradoria de Justi\u00e7a do Rio anunciou que enviaria os autos para o Minist\u00e9rio P\u00fablico Federal. O MPF encaminhou o material para a Procuradoria-Geral da Rep\u00fablica, em Bras\u00edlia, porque Cristiane \u00e9 deputada federal desde 2015 \u2013 tr\u00eas anos ap\u00f3s a posse no mandato. Como parlamentar, ela tem direito a foro especial no Supremo Tribunal Federal.<\/p>\n<p>Os autos enviados \u00e0 PGR t\u00eam anexados apenas um mapa das ruas de Cavalcanti, obtido na internet, um perfil de Cristiane do Wikip\u00e9dia e uma galeria de fotos da deputada na escola de samba do bairro. Essas imagens foram tiradas da p\u00e1gina da parlamentar na internet.<\/p>\n<p>Um dos assessores de Cristiane na \u00e9poca supostamente envolvido no caso foi identificado na den\u00fancia como Alexandre Dum. Ele \u00e9 acusado de invadir casas dos moradores do bairro para for\u00e7\u00e1-los a arrancar cartazes de candidatos advers\u00e1rios de Marcus Vinicius.<\/p>\n<p>Ao abordar agressivamente os moradores, Dum e outros, segundo a den\u00fancia, diriam agir \u201ca mando de Zezito\u201d. Este seria Jos\u00e9 da Silva Miguel Filho, chefe do tr\u00e1fico no Morro da Primavera, no mesmo bairro. Ligado \u00e0 fac\u00e7\u00e3o criminosa Amigos dos Amigos, \u00e9 foragido do sistema penitenci\u00e1rio, porque em 2007 passou para o regime semiaberto e n\u00e3o retornou ao pres\u00eddio.<\/p>\n<p>\u2018Campanha difamat\u00f3ria\u2019.\u00a0Cristiane afirmou, por meio de sua assessoria, que n\u00e3o concorreu \u00e0s elei\u00e7\u00f5es de 2010, quando era secret\u00e1ria municipal, e disse que foi alvo de den\u00fancia an\u00f4nima e infundada. Lembrou que n\u00e3o chegou a ser ouvida na investiga\u00e7\u00e3o e afirmou sofrer uma \u201ccampanha difamat\u00f3ria\u201d. Essa afirma\u00e7\u00e3o tamb\u00e9m \u00e9 sustentada por seu pai, o presidente do PTB, Roberto Jefferson.<\/p>\n<p>Marcus Vinicius negou em depoimento envolvimento com criminosos. O\u00a0Estadon\u00e3o localizou Alexandre Dum, nem seu advogado. A Pol\u00edcia Civil alegou que o inqu\u00e9rito criminal sobre associa\u00e7\u00e3o ao tr\u00e1fico \u00e9 sigiloso e n\u00e3o comenta sobre o caso.<\/p>\n<p><strong>CARIRI EM A\u00c7\u00c3O<\/strong><\/p>\n<p><em>Com Estd\u00e3o \/Foto: Reprodu\u00e7\u00e3o Internet<\/em><\/p>\n<p><strong>Leia mais not\u00edcias em\u00a0<\/strong><a href=\"http:\/\/www.caririemacao.com\/\"><strong>caririemacao.com<\/strong><\/a><strong>, siga nossa p\u00e1gina no\u00a0<\/strong><a href=\"https:\/\/www.facebook.com\/CaririEmAcao\/?ref=aymt_homepage_panel\"><strong>Facebook<\/strong><\/a>,<strong>\u00a0<\/strong><a href=\"https:\/\/www.instagram.com\/cariri_em_acao\/?hl=pt-br\"><strong>Instagram<\/strong><\/a><strong>\u00a0e <\/strong><a href=\"https:\/\/www.youtube.com\/channel\/UCAptA0jQuYQy8vMhLt2m4qg\"><strong>Youtube<\/strong><\/a><strong>\u00a0e veja nossas mat\u00e9rias, v\u00eddeos e fotos. Voc\u00ea tamb\u00e9m pode enviar informa\u00e7\u00f5es \u00e0 Reda\u00e7\u00e3o do Portal Cariri em A\u00e7\u00e3o pelo WhatsApp (83) 9 9634.5791, (83) 9 9601-1162.<\/strong><\/p>\n","protected":false},"excerpt":{"rendered":"<p>As suspeitas de associa\u00e7\u00e3o ao tr\u00e1fico durante a campanha eleitoral de 2010 contra a deputada federal e ministra nomeada\u00a0Cristiane Brasil (PTB-RJ)nunca foram investigadas na esfera&hellip; <\/p>\n","protected":false},"author":2,"featured_media":36739,"comment_status":"closed","ping_status":"closed","sticky":false,"template":"","format":"standard","meta":{"sfsi_plus_gutenberg_text_before_share":"","sfsi_plus_gutenberg_show_text_before_share":"","sfsi_plus_gutenberg_icon_type":"","sfsi_plus_gutenberg_icon_alignemt":"","sfsi_plus_gutenburg_max_per_row":"","footnotes":""},"categories":[11],"tags":[],"class_list":["post-40833","post","type-post","status-publish","format-standard","has-post-thumbnail","hentry","category-politica"],"_links":{"self":[{"href":"https:\/\/www.caririemacao.com\/1\/wp-json\/wp\/v2\/posts\/40833","targetHints":{"allow":["GET"]}}],"collection":[{"href":"https:\/\/www.caririemacao.com\/1\/wp-json\/wp\/v2\/posts"}],"about":[{"href":"https:\/\/www.caririemacao.com\/1\/wp-json\/wp\/v2\/types\/post"}],"author":[{"embeddable":true,"href":"https:\/\/www.caririemacao.com\/1\/wp-json\/wp\/v2\/users\/2"}],"replies":[{"embeddable":true,"href":"https:\/\/www.caririemacao.com\/1\/wp-json\/wp\/v2\/comments?post=40833"}],"version-history":[{"count":0,"href":"https:\/\/www.caririemacao.com\/1\/wp-json\/wp\/v2\/posts\/40833\/revisions"}],"wp:featuredmedia":[{"embeddable":true,"href":"https:\/\/www.caririemacao.com\/1\/wp-json\/wp\/v2\/media\/36739"}],"wp:attachment":[{"href":"https:\/\/www.caririemacao.com\/1\/wp-json\/wp\/v2\/media?parent=40833"}],"wp:term":[{"taxonomy":"category","embeddable":true,"href":"https:\/\/www.caririemacao.com\/1\/wp-json\/wp\/v2\/categories?post=40833"},{"taxonomy":"post_tag","embeddable":true,"href":"https:\/\/www.caririemacao.com\/1\/wp-json\/wp\/v2\/tags?post=40833"}],"curies":[{"name":"wp","href":"https:\/\/api.w.org\/{rel}","templated":true}]}}