{"id":40837,"date":"2018-02-14T09:16:57","date_gmt":"2018-02-14T12:16:57","guid":{"rendered":"http:\/\/caririemacao.com\/1\/?p=40837"},"modified":"2018-02-14T09:16:57","modified_gmt":"2018-02-14T12:16:57","slug":"justica-impede-trump-de-deportar-mais-de-800-mil-imigrantes","status":"publish","type":"post","link":"https:\/\/www.caririemacao.com\/1\/2018\/02\/14\/justica-impede-trump-de-deportar-mais-de-800-mil-imigrantes\/","title":{"rendered":"Justi\u00e7a impede Trump de deportar mais de 800 mil imigrantes"},"content":{"rendered":"<p>Um juiz federal dos EUA decidiu que o presidente dos Estados Unidos, Donald Trump, n\u00e3o pode levar a cabo o plano para deportar milhares de jovens imigrantes a partir do dia 5 de mar\u00e7o, data em que 800.000 benefici\u00e1rios do DACA deveriam sair do pa\u00eds.<\/p>\n<p>O juiz do Tribunal Distrital dos Estados Unidos, Nicholas Garaufis, emitiu a ordem judicial em Nova York. As deporta\u00e7\u00f5es est\u00e3o congeladas at\u00e9 que sejam resolvidas as &#8220;pend\u00eancias sobre o m\u00e9rito desses casos&#8221;.<\/p>\n<p class=\"marker-quote1\">&#8220;Por conseguinte, os r\u00e9us devem continuar processando os pedidos iniciais do DACA e os pedidos de renova\u00e7\u00e3o do DACA nos mesmos termos e condi\u00e7\u00f5es que se aplicaram antes de 5 de setembro de 2017&#8221;, observou o juiz. O processo foi movido por procuradores-gerais de 17 estados contra Trump e o secret\u00e1rio do Departamento de Seguran\u00e7a Interna, Kirstjen Nielsen.<\/p>\n<p>\u00a0O DACA \u00e9 um programa criado pelo ex-presidente Barack Obama para proteger imigrantes que chegaram aos EUA ainda crian\u00e7as. Eles s\u00e3o popularmente conhecidos como &#8220;Sonhadores&#8221; e a partir do ato assinado por Obama, ganharam o direito de morar e trabalhar legalmente no pa\u00eds desde que renovassem a perman\u00eancia a cada dois anos.<\/p>\n<p>Depois de assinar a ordem executiva que abria caminho para a deporta\u00e7\u00e3o dos &#8220;Sonhadores&#8221;, Trump passou a us\u00e1-los como moeda de troca, aceitando mant\u00ea-los no pa\u00eds at\u00e9 consigam cidadania permanente desde que os Democratas aprovassem a constru\u00e7\u00e3o do muro na fronteira com o M\u00e9xico.<\/p>\n<p><strong>CARIRI EM A\u00c7\u00c3O<\/strong><\/p>\n<p><em>Com Sputnik News Brasil\/Foto: Reprodu\u00e7\u00e3o Internet<\/em><\/p>\n<p><strong>Leia mais not\u00edcias em\u00a0<\/strong><a href=\"http:\/\/www.caririemacao.com\/\"><strong>caririemacao.com<\/strong><\/a><strong>, siga nossa p\u00e1gina no\u00a0<\/strong><a href=\"https:\/\/www.facebook.com\/CaririEmAcao\/?ref=aymt_homepage_panel\"><strong>Facebook<\/strong><\/a>,<strong>\u00a0<\/strong><a href=\"https:\/\/www.instagram.com\/cariri_em_acao\/?hl=pt-br\"><strong>Instagram<\/strong><\/a><strong>\u00a0e <\/strong><a href=\"https:\/\/www.youtube.com\/channel\/UCAptA0jQuYQy8vMhLt2m4qg\"><strong>Youtube<\/strong><\/a><strong>\u00a0e veja nossas mat\u00e9rias, v\u00eddeos e fotos. Voc\u00ea tamb\u00e9m pode enviar informa\u00e7\u00f5es \u00e0 Reda\u00e7\u00e3o do Portal Cariri em A\u00e7\u00e3o pelo WhatsApp (83) 9 9634.5791, (83) 9 9601-1162.<\/strong><\/p>\n","protected":false},"excerpt":{"rendered":"<p>Um juiz federal dos EUA decidiu que o presidente dos Estados Unidos, Donald Trump, n\u00e3o pode levar a cabo o plano para deportar milhares de&hellip; <\/p>\n","protected":false},"author":2,"featured_media":11559,"comment_status":"closed","ping_status":"closed","sticky":false,"template":"","format":"standard","meta":{"sfsi_plus_gutenberg_text_before_share":"","sfsi_plus_gutenberg_show_text_before_share":"","sfsi_plus_gutenberg_icon_type":"","sfsi_plus_gutenberg_icon_alignemt":"","sfsi_plus_gutenburg_max_per_row":"","footnotes":""},"categories":[2],"tags":[],"class_list":["post-40837","post","type-post","status-publish","format-standard","has-post-thumbnail","hentry","category-geral"],"_links":{"self":[{"href":"https:\/\/www.caririemacao.com\/1\/wp-json\/wp\/v2\/posts\/40837","targetHints":{"allow":["GET"]}}],"collection":[{"href":"https:\/\/www.caririemacao.com\/1\/wp-json\/wp\/v2\/posts"}],"about":[{"href":"https:\/\/www.caririemacao.com\/1\/wp-json\/wp\/v2\/types\/post"}],"author":[{"embeddable":true,"href":"https:\/\/www.caririemacao.com\/1\/wp-json\/wp\/v2\/users\/2"}],"replies":[{"embeddable":true,"href":"https:\/\/www.caririemacao.com\/1\/wp-json\/wp\/v2\/comments?post=40837"}],"version-history":[{"count":0,"href":"https:\/\/www.caririemacao.com\/1\/wp-json\/wp\/v2\/posts\/40837\/revisions"}],"wp:featuredmedia":[{"embeddable":true,"href":"https:\/\/www.caririemacao.com\/1\/wp-json\/wp\/v2\/media\/11559"}],"wp:attachment":[{"href":"https:\/\/www.caririemacao.com\/1\/wp-json\/wp\/v2\/media?parent=40837"}],"wp:term":[{"taxonomy":"category","embeddable":true,"href":"https:\/\/www.caririemacao.com\/1\/wp-json\/wp\/v2\/categories?post=40837"},{"taxonomy":"post_tag","embeddable":true,"href":"https:\/\/www.caririemacao.com\/1\/wp-json\/wp\/v2\/tags?post=40837"}],"curies":[{"name":"wp","href":"https:\/\/api.w.org\/{rel}","templated":true}]}}