{"id":40839,"date":"2018-02-14T09:19:56","date_gmt":"2018-02-14T12:19:56","guid":{"rendered":"http:\/\/caririemacao.com\/1\/?p=40839"},"modified":"2018-02-14T09:19:56","modified_gmt":"2018-02-14T12:19:56","slug":"primeiro-ministro-da-espanha-diz-que-nao-quer-neymar-no-real","status":"publish","type":"post","link":"https:\/\/www.caririemacao.com\/1\/2018\/02\/14\/primeiro-ministro-da-espanha-diz-que-nao-quer-neymar-no-real\/","title":{"rendered":"Primeiro-ministro da Espanha diz que n\u00e3o quer Neymar no Real"},"content":{"rendered":"<p>Os rumores da ida de Neymar para o Real Madrid repercutiram at\u00e9 com o primeiro-ministro da Espanha, Mariano Rajoy. Torcedor do clube madrilenho e s\u00f3cio desde 1986, ele foi incisivo ao dizer que n\u00e3o quer o craque brasileiro em sua equipe.<\/p>\n<p>&#8211; Eu n\u00e3o gostaria de v\u00ea-lo de branco &#8211; declarou Rajoy sem mais explica\u00e7\u00f5es.<\/p>\n<p>O primeiro-ministro ainda analisou o duelo entre Real e Paris Saint-Germain, pelas oitavas de final da Liga dos Campe\u00f5es. O jogo de ida \u00e9 nesta quarta-feira, \u00e0s 17h45 (de Bras\u00edlia), no Santiago Bernab\u00e9u.<\/p>\n<p>&#8211; N\u00e3o esque\u00e7amos que \u00e9 o Real Madrid e a Liga dos Campe\u00f5es \u00e9 a sua competi\u00e7\u00e3o favorita, ainda mais agora que a situa\u00e7\u00e3o ficou ruim no Espanhol e foi eliminado na Copa do Rei. S\u00e3o os mesmos jogadores do ano passado e estamos falando do atual campe\u00e3o, que ganhou tr\u00eas das \u00faltimas quatro edi\u00e7\u00f5es &#8211; completou.<\/p>\n<p><strong>CARIRI EM A\u00c7\u00c3O<\/strong><\/p>\n<p><em>Com LANCE\/Foto: Reprodu\u00e7\u00e3o Internet<\/em><\/p>\n<p><strong>Leia mais not\u00edcias em\u00a0<\/strong><a href=\"http:\/\/www.caririemacao.com\/\"><strong>caririemacao.com<\/strong><\/a><strong>, siga nossa p\u00e1gina no\u00a0<\/strong><a href=\"https:\/\/www.facebook.com\/CaririEmAcao\/?ref=aymt_homepage_panel\"><strong>Facebook<\/strong><\/a>,<strong>\u00a0<\/strong><a href=\"https:\/\/www.instagram.com\/cariri_em_acao\/?hl=pt-br\"><strong>Instagram<\/strong><\/a><strong>\u00a0e <\/strong><a href=\"https:\/\/www.youtube.com\/channel\/UCAptA0jQuYQy8vMhLt2m4qg\"><strong>Youtube<\/strong><\/a><strong>\u00a0e veja nossas mat\u00e9rias, v\u00eddeos e fotos. Voc\u00ea tamb\u00e9m pode enviar informa\u00e7\u00f5es \u00e0 Reda\u00e7\u00e3o do Portal Cariri em A\u00e7\u00e3o pelo WhatsApp (83) 9 9634.5791, (83) 9 9601-1162.<\/strong><\/p>\n","protected":false},"excerpt":{"rendered":"<p>Os rumores da ida de Neymar para o Real Madrid repercutiram at\u00e9 com o primeiro-ministro da Espanha, Mariano Rajoy. Torcedor do clube madrilenho e s\u00f3cio&hellip; <\/p>\n","protected":false},"author":2,"featured_media":1107,"comment_status":"closed","ping_status":"closed","sticky":false,"template":"","format":"standard","meta":{"sfsi_plus_gutenberg_text_before_share":"","sfsi_plus_gutenberg_show_text_before_share":"","sfsi_plus_gutenberg_icon_type":"","sfsi_plus_gutenberg_icon_alignemt":"","sfsi_plus_gutenburg_max_per_row":"","footnotes":""},"categories":[13],"tags":[],"class_list":["post-40839","post","type-post","status-publish","format-standard","has-post-thumbnail","hentry","category-esportes"],"_links":{"self":[{"href":"https:\/\/www.caririemacao.com\/1\/wp-json\/wp\/v2\/posts\/40839","targetHints":{"allow":["GET"]}}],"collection":[{"href":"https:\/\/www.caririemacao.com\/1\/wp-json\/wp\/v2\/posts"}],"about":[{"href":"https:\/\/www.caririemacao.com\/1\/wp-json\/wp\/v2\/types\/post"}],"author":[{"embeddable":true,"href":"https:\/\/www.caririemacao.com\/1\/wp-json\/wp\/v2\/users\/2"}],"replies":[{"embeddable":true,"href":"https:\/\/www.caririemacao.com\/1\/wp-json\/wp\/v2\/comments?post=40839"}],"version-history":[{"count":0,"href":"https:\/\/www.caririemacao.com\/1\/wp-json\/wp\/v2\/posts\/40839\/revisions"}],"wp:featuredmedia":[{"embeddable":true,"href":"https:\/\/www.caririemacao.com\/1\/wp-json\/wp\/v2\/media\/1107"}],"wp:attachment":[{"href":"https:\/\/www.caririemacao.com\/1\/wp-json\/wp\/v2\/media?parent=40839"}],"wp:term":[{"taxonomy":"category","embeddable":true,"href":"https:\/\/www.caririemacao.com\/1\/wp-json\/wp\/v2\/categories?post=40839"},{"taxonomy":"post_tag","embeddable":true,"href":"https:\/\/www.caririemacao.com\/1\/wp-json\/wp\/v2\/tags?post=40839"}],"curies":[{"name":"wp","href":"https:\/\/api.w.org\/{rel}","templated":true}]}}